{"id":8841,"date":"2010-09-06T18:39:48","date_gmt":"2010-09-06T17:39:48","guid":{"rendered":"http:\/\/df-nyt.dk\/?p=8841"},"modified":"2024-01-22T12:31:47","modified_gmt":"2024-01-22T11:31:47","slug":"en-trussel-mod-dansk-velfaerd","status":"publish","type":"post","link":"https:\/\/df-nyt.dk\/blog\/en-trussel-mod-dansk-velfaerd\/","title":{"rendered":"En trussel mod dansk velf\u00e6rd?"},"content":{"rendered":"<p>Et \u00e5bent arbejdsmarked stiller Danmark overfor en lang r\u00e6kke udfordringer.<br \/>\nSF efterlyser udredning fra regeringen<\/p>\n<p>Er det rimeligt, at EU-borgere med ophold i Danmark skal have ret til samme sociale ydelser som danske statsborgere, selv om de kun har haft arbejde i en kortere periode?<\/p>\n<p>Skriver SF i sin pressemeddelelse \u2013og fors\u00e6tter<br \/>\nSp\u00f8rgsm\u00e5let var omdrejningspunktet i en l\u00e6ngere debat hen over sommeren,<br \/>\nogs\u00e5 selv om der langt fra er tale om nye regler.<\/p>\n<p>De sociale rettigheder har faktisk v\u00e6ret g\u00e6ldende i mere end halvtreds \u00e5r og i 1971 blev det besluttet, at vandrende arbejdstagere har ret til de samme sociale ydelser som resten af borgerne i det land, de arbejder i \u2013 ogs\u00e5 n\u00e5r de har mistet deres arbejde.<\/p>\n<p>Det stiller lande som Danmark, hvor de sociale ydelser er skattefinansierede (og ikke forsikringsbaserede), overfor en r\u00e6kke s\u00e6rlige udfordringer.<\/p>\n<p>Vi arbejder for at forbedre de sociale rettigheder i EU \u2013men det m\u00e5 selvf\u00f8lgelig ikke undergrave det danske velf\u00e6rdssystem.<\/p>\n<p>SF har stillet en r\u00e6kke sp\u00f8rgsm\u00e5l til regeringen, hvor vi beder den om at redeg\u00f8re for omfanget og for udviklingen gennem de senere \u00e5r.<\/p>\n<p>Derudover skal regeringen svare p\u00e5, hvordan den vil sikre, at EU-borgernes sociale rettigheder lever op til de f\u00e6lles regler samtidig med, at vi sikrer de offentligt betalte velf\u00e6rdsydelser.<\/p>\n<p>Men ogs\u00e5 i EU skal der findes frem til en god balanceakt, s\u00e5 de f\u00e6lles regler ikke undergraver det danske velf\u00e6rdssamfund. Det er en sag vi vil f\u00f8lge op p\u00e5. Skriver SF i sin pressemeddelelse. <\/p>\n<p>For yderlig l\u00e6sning<\/p>\n<p><a href=\"http:\/\/sf.dk\/\" target=\"_blank\" rel=\"noopener noreferrer\"><span style=\"text-decoration: underline\">Seneste nyt fra SF<\/span><\/a><br \/>\n&nbsp;<br \/>\n<a href=\"https:\/\/df-nyt.dk\/?p=8816\" target=\"_blank\" rel=\"noopener noreferrer\"><span style=\"text-decoration: underline\">SF: Milliardl\u00f8ft til kommunerne<\/span><\/a><br \/>\n&nbsp;<\/p>\n","protected":false},"excerpt":{"rendered":"<p>Et \u00e5bent arbejdsmarked stiller Danmark overfor en lang r\u00e6kke udfordringer. SF efterlyser udredning fra regeringen Er det rimeligt, at EU-borgere med ophold i Danmark skal have ret til samme sociale ydelser som danske statsborgere, selv om de kun har haft arbejde i en kortere periode? Skriver SF i sin pressemeddelelse \u2013og fors\u00e6tter Sp\u00f8rgsm\u00e5let var omdrejningspunktet [&hellip;]<\/p>\n","protected":false},"author":10,"featured_media":0,"comment_status":"open","ping_status":"closed","sticky":false,"template":"","format":"standard","meta":{"footnotes":""},"categories":[1],"tags":[],"class_list":["post-8841","post","type-post","status-publish","format-standard","hentry","category-df-nyt-dk"],"_links":{"self":[{"href":"https:\/\/df-nyt.dk\/blog\/wp-json\/wp\/v2\/posts\/8841","targetHints":{"allow":["GET"]}}],"collection":[{"href":"https:\/\/df-nyt.dk\/blog\/wp-json\/wp\/v2\/posts"}],"about":[{"href":"https:\/\/df-nyt.dk\/blog\/wp-json\/wp\/v2\/types\/post"}],"author":[{"embeddable":true,"href":"https:\/\/df-nyt.dk\/blog\/wp-json\/wp\/v2\/users\/10"}],"replies":[{"embeddable":true,"href":"https:\/\/df-nyt.dk\/blog\/wp-json\/wp\/v2\/comments?post=8841"}],"version-history":[{"count":1,"href":"https:\/\/df-nyt.dk\/blog\/wp-json\/wp\/v2\/posts\/8841\/revisions"}],"predecessor-version":[{"id":101704,"href":"https:\/\/df-nyt.dk\/blog\/wp-json\/wp\/v2\/posts\/8841\/revisions\/101704"}],"wp:attachment":[{"href":"https:\/\/df-nyt.dk\/blog\/wp-json\/wp\/v2\/media?parent=8841"}],"wp:term":[{"taxonomy":"category","embeddable":true,"href":"https:\/\/df-nyt.dk\/blog\/wp-json\/wp\/v2\/categories?post=8841"},{"taxonomy":"post_tag","embeddable":true,"href":"https:\/\/df-nyt.dk\/blog\/wp-json\/wp\/v2\/tags?post=8841"}],"curies":[{"name":"wp","href":"https:\/\/api.w.org\/{rel}","templated":true}]}}