{"id":88424,"date":"2017-07-12T17:58:30","date_gmt":"2017-07-12T15:58:30","guid":{"rendered":"http:\/\/df-nyt.dk\/?p=88424"},"modified":"2024-02-08T20:23:40","modified_gmt":"2024-02-08T19:23:40","slug":"de-groenne-tager-glyfosat-til-domstolen","status":"publish","type":"post","link":"https:\/\/df-nyt.dk\/blog\/de-groenne-tager-glyfosat-til-domstolen\/","title":{"rendered":"De Gr\u00f8nne tager Glyfosat til Domstolen"},"content":{"rendered":"<p><img loading=\"lazy\" decoding=\"async\" src=\"https:\/\/df-nyt.dk\/\/wp-content\/uploads\/2016\/09\/060920160358.png\" alt=\"060920160358\" width=\"303\" height=\"53\" \/><\/p>\n<p>De Gr\u00f8nne tager Glyfosat til Domstolen<br \/>\nI 2016 bad de Gr\u00f8nne den Europ\u00e6iske F\u00f8devaremyndighed (EFSA) om adgang til de dokumenter der ligger bag EFSA\u2019s vurdering af at konkludere at Roundup-kemikaliet Glyfosat ikke er kr\u00e6ftfremkaldende. Skriver man i Margrete Aukens pressemeddelelse <\/p>\n<p>\u2013 og forts\u00e6tter<br \/>\nKonklusionen er i grel mods\u00e6tning til Verdenssundhedsorganisationen WHO\u2019s konstatering af at glyfosat sandsynligvis er kr\u00e6ftfremkaldende.<\/p>\n<p>EFSA baserer sine konklusioner p\u00e5 forskning som er foretaget af industrien (der selvsagt har enorme interesser p\u00e5 spil), men den er (endnu) ikke offentlig tilg\u00e6ngelig.<\/p>\n<p>Dengang fik de Gr\u00f8nne \u2013 efter m\u00e5neders tovtr\u00e6kkeri med EFSA \u2013 adgang til dele af studierne.<\/p>\n<p>Det er naturligvis ikke tiln\u00e6rmelsesvis godt nok, og de Gr\u00f8nne insisterer p\u00e5 borgernes ret til information som b\u00e5de EU\u2019s egne offentlighedslove og Aarhus-konventionen giver, og det er helt klart at kommercielle interesser ikke kan overtrumfe denne ret!<\/p>\n<p>Derfor tager den Gr\u00f8nne Gruppe nu sagen til ECJ, EU\u2019s Domstol der skal sikre at EU\u2019s love bliver fortolket korrekt og h\u00e5ndh\u00e6vet.<\/p>\n<p><a href=\"https:\/\/greens-efa.eu\/en\/article\/press\/gruenen-efa-fraktion-zieht-fuer-zugang-zu-glyphosat-studien-vor-gericht\/\" target=\"_blank\" rel=\"noopener noreferrer\"><span style=\"text-decoration: underline;\">L\u00e6s mere her<\/span><\/a><\/p>\n<p>For yderlig l\u00e6sning.<\/p>\n<p><a href=\"http:\/\/sf.dk\/\" target=\"_blank\" rel=\"noopener noreferrer\"><span style=\"text-decoration: underline;\">sf.dk \/seneste-nyt<\/span><\/a><br \/>\n&nbsp;<br \/>\n<a href=\"http:\/\/greens-efa.eu\/\" target=\"_blank\" rel=\"noopener noreferrer\"><span style=\"text-decoration: underline;\">Se den Gr\u00f8nne gruppe i parlamentet her<\/span><\/a><br \/>\n&nbsp;<\/p>\n","protected":false},"excerpt":{"rendered":"<p>De Gr\u00f8nne tager Glyfosat til Domstolen I 2016 bad de Gr\u00f8nne den Europ\u00e6iske F\u00f8devaremyndighed (EFSA) om adgang til de dokumenter der ligger bag EFSA\u2019s vurdering af at konkludere at Roundup-kemikaliet Glyfosat ikke er kr\u00e6ftfremkaldende. Skriver man i Margrete Aukens pressemeddelelse \u2013 og forts\u00e6tter Konklusionen er i grel mods\u00e6tning til Verdenssundhedsorganisationen WHO\u2019s konstatering af at glyfosat [&hellip;]<\/p>\n","protected":false},"author":10,"featured_media":0,"comment_status":"open","ping_status":"open","sticky":false,"template":"","format":"standard","meta":{"footnotes":""},"categories":[1],"tags":[],"class_list":["post-88424","post","type-post","status-publish","format-standard","hentry","category-df-nyt-dk"],"_links":{"self":[{"href":"https:\/\/df-nyt.dk\/blog\/wp-json\/wp\/v2\/posts\/88424","targetHints":{"allow":["GET"]}}],"collection":[{"href":"https:\/\/df-nyt.dk\/blog\/wp-json\/wp\/v2\/posts"}],"about":[{"href":"https:\/\/df-nyt.dk\/blog\/wp-json\/wp\/v2\/types\/post"}],"author":[{"embeddable":true,"href":"https:\/\/df-nyt.dk\/blog\/wp-json\/wp\/v2\/users\/10"}],"replies":[{"embeddable":true,"href":"https:\/\/df-nyt.dk\/blog\/wp-json\/wp\/v2\/comments?post=88424"}],"version-history":[{"count":2,"href":"https:\/\/df-nyt.dk\/blog\/wp-json\/wp\/v2\/posts\/88424\/revisions"}],"predecessor-version":[{"id":102687,"href":"https:\/\/df-nyt.dk\/blog\/wp-json\/wp\/v2\/posts\/88424\/revisions\/102687"}],"wp:attachment":[{"href":"https:\/\/df-nyt.dk\/blog\/wp-json\/wp\/v2\/media?parent=88424"}],"wp:term":[{"taxonomy":"category","embeddable":true,"href":"https:\/\/df-nyt.dk\/blog\/wp-json\/wp\/v2\/categories?post=88424"},{"taxonomy":"post_tag","embeddable":true,"href":"https:\/\/df-nyt.dk\/blog\/wp-json\/wp\/v2\/tags?post=88424"}],"curies":[{"name":"wp","href":"https:\/\/api.w.org\/{rel}","templated":true}]}}