{"id":88439,"date":"2017-07-13T13:40:47","date_gmt":"2017-07-13T11:40:47","guid":{"rendered":"http:\/\/df-nyt.dk\/?p=88439"},"modified":"2025-06-13T07:47:58","modified_gmt":"2025-06-13T05:47:58","slug":"fred-og-stabilitet-projekter-vil-faa-mere-eu-stoette","status":"publish","type":"post","link":"https:\/\/df-nyt.dk\/blog\/fred-og-stabilitet-projekter-vil-faa-mere-eu-stoette\/","title":{"rendered":"Fred og stabilitet projekter vil f\u00e5 mere EU-st\u00f8tte"},"content":{"rendered":"<p>Fred og stabilitet projekter vil f\u00e5 mere EU-st\u00f8tte<br \/>\nEU&#8217;s humanit\u00e6re fond for Fred og stabilitet har som prim\u00e6rt m\u00e5l at st\u00f8tte op bag FNs 2030-dagsorden, for en b\u00e6redygtig udvikling, der blev vedtaget i september 2015.<\/p>\n<p>EU-fond har ydet ekstern st\u00f8tte til mere end 260 stabilitets- og fredsskabende projekter i 68 tredjelande udenfor Den Europ\u00e6iske Union, for at opn\u00e5 udviklingspolitiske resultater.<\/p>\n<p><img loading=\"lazy\" decoding=\"async\" class=\"\" src=\"https:\/\/df-nyt.dk\/\/wp-content\/uploads\/2017\/07\/130720171740.png\" alt=\"\" width=\"501\" height=\"210\" \/><\/p>\n<p>Fonden startede i 2014 med et budget p\u00e5 2,3 mia EUR for 2014-2020.<\/p>\n<p>Tirsdag vedtog man i udenrigsudvalget (AFET) et beslutningsforslag, en anbefaling om at l\u00f8fte bel\u00f8bsrammen med 100 mio. Euro. (Ca. 743 mio. DDK).<\/p>\n<p>Forslaget blev vedtaget med, \u00a047 stemmer for, 4. imod og 14, hverken for eller imod.<\/p>\n<p><img loading=\"lazy\" decoding=\"async\" src=\"https:\/\/df-nyt.dk\/\/wp-content\/uploads\/2017\/07\/190720172349.png\" alt=\"\" width=\"407\" height=\"122\" \/><\/p>\n<p>Talsmand p\u00e5 beslutningsforslaget var <a href=\"http:\/\/europarl.europa.eu\/meps\/en\/96747\/ARNAUD_DANJEAN_home.html\" target=\"_blank\" rel=\"noopener noreferrer\"><span style=\"text-decoration: underline;\">Arnaud Danjean, Les R\u00e9publicains Frankrig<\/span><\/a> der er tilknyttet, Group of the European People&#8217;s Party (Christian Democrats) (EPP).<\/p>\n<p><img loading=\"lazy\" decoding=\"async\" src=\"https:\/\/df-nyt.dk\/\/wp-content\/uploads\/2017\/07\/130720171336.png\" alt=\"\" width=\"461\" height=\"100\" \/><\/p>\n<p>EPP-Gruppen hvori det Danske Konservative Folkeparti er repr\u00e6senteret ved Bendt Bendtsen<\/p>\n<p>Reference<\/p>\n<p><a href=\"http:\/\/europarl.europa.eu\/news\/da\/press-room\/20170710IPR79395\/peace-and-stability-projects-will-get-more-eu-support\" target=\"_blank\" rel=\"noopener noreferrer\"><span style=\"text-decoration: underline;\">Pressemeddelelse fra, AFET<\/span><\/a><\/p>\n<p><a href=\"https:\/\/eppgroup.eu:80\/meps\/alpha\/D\" target=\"_blank\" rel=\"noopener noreferrer\"><span style=\"text-decoration: underline;\">Group of the European People&#8217;s Party (Christian Democrats) (EPP)<\/span><\/a><\/p>\n<p>For yderlig l\u00e6sning<\/p>\n<p><a href=\"https:\/\/commission.europa.eu\/strategy-and-policy\/eu-budget\/performance-and-reporting\/results-project_da\" target=\"_blank\" rel=\"noopener noreferrer\"><span style=\"text-decoration: underline;\">oplysninger om EU-finansierede projekter<\/span><\/a><\/p>\n<p><span class=\"removed_link\" title=\"https:\/\/icsp.insightonconflict.org\/\"><span style=\"text-decoration: underline;\">Interaktivt kort over EU-finansierede projekter<\/span><\/span><\/p>\n","protected":false},"excerpt":{"rendered":"<p>Fred og stabilitet projekter vil f\u00e5 mere EU-st\u00f8tte EU&#8217;s humanit\u00e6re fond for Fred og stabilitet har som prim\u00e6rt m\u00e5l at st\u00f8tte op bag FNs 2030-dagsorden, for en b\u00e6redygtig udvikling, der blev vedtaget i september 2015. EU-fond har ydet ekstern st\u00f8tte til mere end 260 stabilitets- og fredsskabende projekter i 68 tredjelande udenfor Den Europ\u00e6iske Union, [&hellip;]<\/p>\n","protected":false},"author":10,"featured_media":0,"comment_status":"open","ping_status":"open","sticky":false,"template":"","format":"standard","meta":{"footnotes":""},"categories":[1],"tags":[],"class_list":["post-88439","post","type-post","status-publish","format-standard","hentry","category-df-nyt-dk"],"_links":{"self":[{"href":"https:\/\/df-nyt.dk\/blog\/wp-json\/wp\/v2\/posts\/88439","targetHints":{"allow":["GET"]}}],"collection":[{"href":"https:\/\/df-nyt.dk\/blog\/wp-json\/wp\/v2\/posts"}],"about":[{"href":"https:\/\/df-nyt.dk\/blog\/wp-json\/wp\/v2\/types\/post"}],"author":[{"embeddable":true,"href":"https:\/\/df-nyt.dk\/blog\/wp-json\/wp\/v2\/users\/10"}],"replies":[{"embeddable":true,"href":"https:\/\/df-nyt.dk\/blog\/wp-json\/wp\/v2\/comments?post=88439"}],"version-history":[{"count":6,"href":"https:\/\/df-nyt.dk\/blog\/wp-json\/wp\/v2\/posts\/88439\/revisions"}],"predecessor-version":[{"id":107458,"href":"https:\/\/df-nyt.dk\/blog\/wp-json\/wp\/v2\/posts\/88439\/revisions\/107458"}],"wp:attachment":[{"href":"https:\/\/df-nyt.dk\/blog\/wp-json\/wp\/v2\/media?parent=88439"}],"wp:term":[{"taxonomy":"category","embeddable":true,"href":"https:\/\/df-nyt.dk\/blog\/wp-json\/wp\/v2\/categories?post=88439"},{"taxonomy":"post_tag","embeddable":true,"href":"https:\/\/df-nyt.dk\/blog\/wp-json\/wp\/v2\/tags?post=88439"}],"curies":[{"name":"wp","href":"https:\/\/api.w.org\/{rel}","templated":true}]}}