{"id":8879,"date":"2010-09-07T16:56:23","date_gmt":"2010-09-07T15:56:23","guid":{"rendered":"http:\/\/df-nyt.dk\/?p=8879"},"modified":"2024-11-01T09:05:07","modified_gmt":"2024-11-01T08:05:07","slug":"kendt-skuespiller-skal-tale-nynazister","status":"publish","type":"post","link":"https:\/\/df-nyt.dk\/blog\/kendt-skuespiller-skal-tale-nynazister\/","title":{"rendered":"Kendt skuespiller skal tale for nynazister"},"content":{"rendered":"<p><img loading=\"lazy\" decoding=\"async\" class=\" alignnone\" title=\"171020112132\" src=\"https:\/\/df-nyt.dk\/\/wp-content\/uploads\/171020112132.png\" alt=\"\" width=\"310\" height=\"270\" \/><\/p>\n<p><em>Foto: SIAD-chefen Anders Gravers (t.h.) i selskab med personer fra Danmarks Nationale Front (DNF) ved en SIAD-demonstration i Aalborg, maj 2007.<\/em><\/p>\n<p>Den danske skuespiller Farshad Kholghi, der er kendt fra blandt andet Forbrydelsen og Nordkraft, vil p\u00e5 l\u00f8rdag tale ved en SIAD-demonstration.<\/p>\n<p>SIADs demonstrationer udg\u00f8res s\u00e6dvanligvis ogs\u00e5 af h\u00f8jrenationalister og tilh\u00e6ngere af Danmarks Nationale Front, som er blevet sat i forbindelse med russiske nynazister.<\/p>\n<p><img loading=\"lazy\" decoding=\"async\" class=\" alignnone\" src=\"https:\/\/df-nyt.dk\/wp-content\/uploads\/050220131528.png\" alt=\"050220131528\" width=\"400\" height=\"324\" \/><\/p>\n<p>Farshad Kholghi, ses herover som deltager hos Sverigedemokraterna.<br \/>\nL\u00f8rdag vil SIAD demonstrere foran USAs ambassade p\u00e5 \u00d8sterbro i K\u00f8benhavn.<\/p>\n<p>Til demonstrationen skal dansk-iraneren Farshad Kholghi holde tale.<br \/>\nDette til trods for, at SIADs demonstrationer ofte samler organiserede nynazister, hvilket vi her har samlet fotodokumentation for. Skriver man p\u00e5 Redoxs hjemmeside, \/\/redox.dk\/<\/p>\n<p>Reference<br \/>\nRedox&#8217;s hjemmeside &#8211; \/\/redox.dk \/spip.php?article971&#8243;<br \/>\nWebportalen Facebook &#8211; Sverigedemokraterna<\/p>\n<p>For yderlig l\u00e6sning<\/p>\n<p><a href=\"https:\/\/df-nyt.dk\/?p=8705\" target=\"_blank\" rel=\"noopener noreferrer\"><span style=\"text-decoration: underline;\">Farshad Kholghi og Sverigedemokraterna<\/span><\/a><\/p>\n<p><a href=\"http:\/\/siadinfo.blogspot.com\/\" target=\"_blank\" rel=\"noopener noreferrer\"><span style=\"text-decoration: underline;\">Yderlige oplysninger kan du finde p\u00e5 SIAD-Info &#8211; Info om SIAD <\/span><\/a><\/p>\n","protected":false},"excerpt":{"rendered":"<p>Foto: SIAD-chefen Anders Gravers (t.h.) i selskab med personer fra Danmarks Nationale Front (DNF) ved en SIAD-demonstration i Aalborg, maj 2007. Den danske skuespiller Farshad Kholghi, der er kendt fra blandt andet Forbrydelsen og Nordkraft, vil p\u00e5 l\u00f8rdag tale ved en SIAD-demonstration. SIADs demonstrationer udg\u00f8res s\u00e6dvanligvis ogs\u00e5 af h\u00f8jrenationalister og tilh\u00e6ngere af Danmarks Nationale Front, [&hellip;]<\/p>\n","protected":false},"author":10,"featured_media":0,"comment_status":"open","ping_status":"closed","sticky":false,"template":"","format":"standard","meta":{"footnotes":""},"categories":[1],"tags":[],"class_list":["post-8879","post","type-post","status-publish","format-standard","hentry","category-df-nyt-dk"],"_links":{"self":[{"href":"https:\/\/df-nyt.dk\/blog\/wp-json\/wp\/v2\/posts\/8879","targetHints":{"allow":["GET"]}}],"collection":[{"href":"https:\/\/df-nyt.dk\/blog\/wp-json\/wp\/v2\/posts"}],"about":[{"href":"https:\/\/df-nyt.dk\/blog\/wp-json\/wp\/v2\/types\/post"}],"author":[{"embeddable":true,"href":"https:\/\/df-nyt.dk\/blog\/wp-json\/wp\/v2\/users\/10"}],"replies":[{"embeddable":true,"href":"https:\/\/df-nyt.dk\/blog\/wp-json\/wp\/v2\/comments?post=8879"}],"version-history":[{"count":3,"href":"https:\/\/df-nyt.dk\/blog\/wp-json\/wp\/v2\/posts\/8879\/revisions"}],"predecessor-version":[{"id":106327,"href":"https:\/\/df-nyt.dk\/blog\/wp-json\/wp\/v2\/posts\/8879\/revisions\/106327"}],"wp:attachment":[{"href":"https:\/\/df-nyt.dk\/blog\/wp-json\/wp\/v2\/media?parent=8879"}],"wp:term":[{"taxonomy":"category","embeddable":true,"href":"https:\/\/df-nyt.dk\/blog\/wp-json\/wp\/v2\/categories?post=8879"},{"taxonomy":"post_tag","embeddable":true,"href":"https:\/\/df-nyt.dk\/blog\/wp-json\/wp\/v2\/tags?post=8879"}],"curies":[{"name":"wp","href":"https:\/\/api.w.org\/{rel}","templated":true}]}}