{"id":8894,"date":"2010-09-08T03:46:28","date_gmt":"2010-09-08T02:46:28","guid":{"rendered":"http:\/\/df-nyt.dk\/?p=8894"},"modified":"2025-07-25T00:19:53","modified_gmt":"2025-07-24T22:19:53","slug":"anders-gravers-og-white-power","status":"publish","type":"post","link":"https:\/\/df-nyt.dk\/blog\/anders-gravers-og-white-power\/","title":{"rendered":"Anders Gravers og White Power"},"content":{"rendered":"<p>L\u00e6s teksten p\u00e5 de sidste billeder i videoen -&gt; [<a href=\"https:\/\/df-nyt.dk\/blog\/wp-content\/uploads\/Anders+Whitepower.avi\">Anders+Whitepower<\/a>] &lt; &#8211; Du kan hente filen der.<\/p>\n<p>Der er overskrifter til nogle debatter.<br \/>\nM\u00e5ske b\u00f8r du se videoen som fuldsk\u00e6rm &#8211; S\u00e5 fremtr\u00e6der teksten tydeligere.<\/p>\n<p><img loading=\"lazy\" decoding=\"async\" class=\"size-full wp-image-29503 alignnone\" title=\"091020110906\" src=\"https:\/\/df-nyt.dk\/blog\/wp-content\/uploads\/091020110906.png\" alt=\"\" width=\"300\" height=\"268\" \/><\/p>\n<p>S\u00e5 vil du\u00a0se hvilke tanker Anders Gravers FaceBook-venner g\u00e5r rundt og hygger sig med.<\/p>\n<p><a href=\"https:\/\/df-nyt.dk\/blog\/wp-content\/uploads\/020220131321.png\"><img loading=\"lazy\" decoding=\"async\" class=\"wp-image-46869 alignnone\" src=\"https:\/\/df-nyt.dk\/blog\/wp-content\/uploads\/020220131321.png\" alt=\"020220131321\" width=\"501\" height=\"323\" srcset=\"https:\/\/df-nyt.dk\/blog\/wp-content\/uploads\/020220131321.png 973w, https:\/\/df-nyt.dk\/blog\/wp-content\/uploads\/020220131321-400x258.png 400w\" sizes=\"auto, (max-width: 501px) 100vw, 501px\" \/><\/a><\/p>\n<p>Det\u00a0kan ogs\u00e5 ses herover &#8211; Du kan klikke p\u00e5\u00a0billedet for stor st\u00f8rrelse<\/p>\n<p><a href=\"https:\/\/df-nyt.dk\/blog\/wp-content\/uploads\/020220131325.png\"><img loading=\"lazy\" decoding=\"async\" class=\" wp-image-46870 alignnone\" src=\"https:\/\/df-nyt.dk\/blog\/wp-content\/uploads\/020220131325.png\" alt=\"020220131325\" width=\"230\" height=\"173\" \/><\/a><\/p>\n<p>Billedet, Daniel Carlsen<\/p>\n<p>L\u00e6s:<br \/>\nEn f\u00f8deral instans har afvist en anmodning, fra organisationen \u201cStop Islamisering af Amerika\u201d<br \/>\nDen amerikanske regering har afvist\u00a0deres\u00a0anmodning om\u00a0at f\u00e5 registret \u2018SIOA\u2019 som en varem\u00e6rke-betegnelse for\u00a0gruppens navn.<br \/>\nDet anvendte m\u00e6rke refererer til muslimer p\u00e5 en neds\u00e6ttende m\u00e5de, skriver man i afslaget, if\u00f8lge Private Detective Bill Warner.<br \/>\n\/\/pibillwarner.wordpress.com:80\/2010\/06\/05\/pamela-geller-and-sioa-logoplagiarism-of-regions-bank-logo-from-their-save-campaign\/&#8221; <\/p>\n<p>\/\/pibillwarner.wordpress.com:80\/2010\/06\/05\/pamela-geller-and-sioa-logoplagiarism-of-regions-bank-logo-from-their-save-campaign\/&#8221;<\/p>\n<p>L\u00e6s\u00a0 ogs\u00e5 Kendt skuespiller skal tale for nynazister;<span style=\"text-decoration: underline;\"><a href=\"http:\/\/df-nyt.dk\/?p=8879\" target=\"_blank\" rel=\"noopener\"> L\u00e6s det DER <\/a><\/span>&lt;&lt;<br \/>\n&nbsp;<br \/>\n<a href=\"http:\/\/df-nyt.dk\/?p=17132\" target=\"_blank\" rel=\"noopener\"><span style=\"text-decoration: underline;\">SIOA er en Hate Group og p\u00e5 samme liste som Ku Klux Klan<\/span><\/a><br \/>\n&nbsp;<\/p>\n","protected":false},"excerpt":{"rendered":"<p>L\u00e6s teksten p\u00e5 de sidste billeder i videoen -&gt; [Anders+Whitepower] &lt; &#8211; Du kan hente filen der. Der er overskrifter til nogle debatter. M\u00e5ske b\u00f8r du se videoen som fuldsk\u00e6rm &#8211; S\u00e5 fremtr\u00e6der teksten tydeligere. S\u00e5 vil du\u00a0se hvilke tanker Anders Gravers FaceBook-venner g\u00e5r rundt og hygger sig med. Det\u00a0kan ogs\u00e5 ses herover &#8211; Du [&hellip;]<\/p>\n","protected":false},"author":10,"featured_media":0,"comment_status":"open","ping_status":"closed","sticky":false,"template":"","format":"standard","meta":{"footnotes":""},"categories":[1],"tags":[],"class_list":["post-8894","post","type-post","status-publish","format-standard","hentry","category-df-nyt-dk"],"_links":{"self":[{"href":"https:\/\/df-nyt.dk\/blog\/wp-json\/wp\/v2\/posts\/8894","targetHints":{"allow":["GET"]}}],"collection":[{"href":"https:\/\/df-nyt.dk\/blog\/wp-json\/wp\/v2\/posts"}],"about":[{"href":"https:\/\/df-nyt.dk\/blog\/wp-json\/wp\/v2\/types\/post"}],"author":[{"embeddable":true,"href":"https:\/\/df-nyt.dk\/blog\/wp-json\/wp\/v2\/users\/10"}],"replies":[{"embeddable":true,"href":"https:\/\/df-nyt.dk\/blog\/wp-json\/wp\/v2\/comments?post=8894"}],"version-history":[{"count":4,"href":"https:\/\/df-nyt.dk\/blog\/wp-json\/wp\/v2\/posts\/8894\/revisions"}],"predecessor-version":[{"id":96767,"href":"https:\/\/df-nyt.dk\/blog\/wp-json\/wp\/v2\/posts\/8894\/revisions\/96767"}],"wp:attachment":[{"href":"https:\/\/df-nyt.dk\/blog\/wp-json\/wp\/v2\/media?parent=8894"}],"wp:term":[{"taxonomy":"category","embeddable":true,"href":"https:\/\/df-nyt.dk\/blog\/wp-json\/wp\/v2\/categories?post=8894"},{"taxonomy":"post_tag","embeddable":true,"href":"https:\/\/df-nyt.dk\/blog\/wp-json\/wp\/v2\/tags?post=8894"}],"curies":[{"name":"wp","href":"https:\/\/api.w.org\/{rel}","templated":true}]}}