{"id":8948,"date":"2010-09-09T12:10:11","date_gmt":"2010-09-09T11:10:11","guid":{"rendered":"http:\/\/df-nyt.dk\/?p=8948"},"modified":"2017-06-30T07:25:31","modified_gmt":"2017-06-30T05:25:31","slug":"sf-foa-g%c3%b8r-klogt-afvise-df-annonce","status":"publish","type":"post","link":"https:\/\/df-nyt.dk\/blog\/sf-foa-g%c3%b8r-klogt-afvise-df-annonce\/","title":{"rendered":"SF: FOA g\u00f8r klogt i at afvise DF-annonce"},"content":{"rendered":"<p><strong>SF&#8217;s gruppen\u00e6stformand, Astrid Krag, langer h\u00e5rdt ud efter DF-annonce. <\/strong><\/p>\n<p><strong>FOA g\u00f8r klogt i at afvise, siger Astrid Krag.<\/strong><\/p>\n<p><strong><a href=\"https:\/\/df-nyt.dk\/blog\/wp-content\/uploads\/081220141215.png\"><img loading=\"lazy\" decoding=\"async\" class=\"aligncenter size-full wp-image-63736\" src=\"https:\/\/df-nyt.dk\/blog\/wp-content\/uploads\/081220141215.png\" alt=\"081220141215\" width=\"133\" height=\"133\" \/><\/a><\/strong><\/p>\n<p>Astrid Krag udtaler: &#8220;De f\u00e6rreste stifter i dag kontakt med tandplejen, \u00e6ldreplejen, hospitalsv\u00e6senet eller andre vitale velf\u00e6rdsomr\u00e5der uden at m\u00f8de danskere med ikke-vestlig baggrund.<\/p>\n<p>De bidrager hver eneste dag til at opretholde d\u00e9t velf\u00e6rdssamfund, som Dansk Folkeparti og<br \/>\nVK-regeringen har gjort mere for at nedbryde, end de seneste mange \u00e5rs indvandring.<\/p>\n<p>&#8220;Om f\u00e5 \u00e5r, n\u00e5r de store og aldrende \u00e5rgange begynder at forlade arbejdsmarkedet, bliver der mangel p\u00e5 arbejdskraft.<\/p>\n<p>Her er VKO\u2019s svigt mangfoldige: Man er alenlangt fra m\u00e5ls\u00e6tningerne om at f\u00e5 unge i uddannelse, skaffe dem praktikpladser og siden regul\u00e6re jobs.<\/p>\n<p>Og selv om is\u00e6r de unge kvinder med anden etnisk baggrund tonser gennem det danske uddannelsessystem, s\u00e5 v\u00e6lger DF at chikanere de lidt mere end 11.000 FOA-medlemmer med ikke-vestlig baggrund frem for at anerkende dem og deres kollegaer for det enormt betydningsfulde arbejde de udf\u00f8rer hver eneste dag for vores \u00e6ldre medborgere. &#8221;<\/p>\n<p>&#8220;Det er simpelthen hykleri ud over alle gr\u00e6nser p\u00e5 den ene side at stille sig op som de \u00e6ldres forsvarer.<\/p>\n<p>Og s\u00e5 samtidig g\u00e5 m\u00e5lrettet efter en af de grupper der tr\u00e6kker et k\u00e6mpe l\u00e6s netop i plejen af vores \u00e6ldre borgere&#8221;, slutter Astrid Krag, der bakker op om FOA\u2019s afvisning af DF\u2019s annonce. If\u00f8lge en pressemeddelse fra SF.<\/p>\n<p><strong>L\u00e6s mere <a href=\"http:\/\/www.sf.dk\/\">HER<\/a><\/strong><\/p>\n<p><strong>Se, Nej tak til Dansk Folkeparti. &gt;&gt;<a href=\"http:\/\/df-nyt.dk\/?p=8936\" target=\"_blank\">Se det HER<\/a>&lt;&lt;<\/strong><\/p>\n<p><strong>Se ogs\u00e5, Besparelserne kuldsejler kulturen! &gt;&gt;<a href=\"http:\/\/df-nyt.dk\/?p=8931\" target=\"_blank\">Se det HER<\/a>&lt;&lt;<\/strong><\/p>\n<p><strong>****************************************************<\/strong><\/p>\n","protected":false},"excerpt":{"rendered":"<p>SF&#8217;s gruppen\u00e6stformand, Astrid Krag, langer h\u00e5rdt ud efter DF-annonce. FOA g\u00f8r klogt i at afvise, siger Astrid Krag. Astrid Krag udtaler: &#8220;De f\u00e6rreste stifter i dag kontakt med tandplejen, \u00e6ldreplejen, hospitalsv\u00e6senet eller andre vitale velf\u00e6rdsomr\u00e5der uden at m\u00f8de danskere med ikke-vestlig baggrund. De bidrager hver eneste dag til at opretholde d\u00e9t velf\u00e6rdssamfund, som Dansk Folkeparti [&hellip;]<\/p>\n","protected":false},"author":10,"featured_media":0,"comment_status":"open","ping_status":"closed","sticky":false,"template":"","format":"standard","meta":{"footnotes":""},"categories":[1],"tags":[],"class_list":["post-8948","post","type-post","status-publish","format-standard","hentry","category-df-nyt-dk"],"_links":{"self":[{"href":"https:\/\/df-nyt.dk\/blog\/wp-json\/wp\/v2\/posts\/8948","targetHints":{"allow":["GET"]}}],"collection":[{"href":"https:\/\/df-nyt.dk\/blog\/wp-json\/wp\/v2\/posts"}],"about":[{"href":"https:\/\/df-nyt.dk\/blog\/wp-json\/wp\/v2\/types\/post"}],"author":[{"embeddable":true,"href":"https:\/\/df-nyt.dk\/blog\/wp-json\/wp\/v2\/users\/10"}],"replies":[{"embeddable":true,"href":"https:\/\/df-nyt.dk\/blog\/wp-json\/wp\/v2\/comments?post=8948"}],"version-history":[{"count":0,"href":"https:\/\/df-nyt.dk\/blog\/wp-json\/wp\/v2\/posts\/8948\/revisions"}],"wp:attachment":[{"href":"https:\/\/df-nyt.dk\/blog\/wp-json\/wp\/v2\/media?parent=8948"}],"wp:term":[{"taxonomy":"category","embeddable":true,"href":"https:\/\/df-nyt.dk\/blog\/wp-json\/wp\/v2\/categories?post=8948"},{"taxonomy":"post_tag","embeddable":true,"href":"https:\/\/df-nyt.dk\/blog\/wp-json\/wp\/v2\/tags?post=8948"}],"curies":[{"name":"wp","href":"https:\/\/api.w.org\/{rel}","templated":true}]}}