{"id":8970,"date":"2010-09-09T14:15:56","date_gmt":"2010-09-09T13:15:56","guid":{"rendered":"http:\/\/df-nyt.dk\/?p=8970"},"modified":"2017-04-07T21:07:42","modified_gmt":"2017-04-07T19:07:42","slug":"r-l%c3%a6rerstuderende-skal-bed%c3%b8mmes-pa-andet-deres-karakterer","status":"publish","type":"post","link":"https:\/\/df-nyt.dk\/blog\/r-l%c3%a6rerstuderende-skal-bed%c3%b8mmes-pa-andet-deres-karakterer\/","title":{"rendered":"R: L\u00e6rerstuderende skal bed\u00f8mmes p\u00e5 andet end deres karakterer"},"content":{"rendered":"<p>Undervisningsminister Tina Nedergaard (V) er p\u00e5 vej med et lovforslag om at sk\u00e6rpe adgangskravet til l\u00e6reruddannelsen ved at forh\u00f8je karaktergennemsnittet.<\/p>\n<p>Der findes ingen unders\u00f8gelser, som viser, at der er sammenh\u00e6ng mellem h\u00f8je karakterer og gode l\u00e6restuderende.<\/p>\n<p>Derfor virker forslaget sn\u00e6vert, mener Radikale Venstres uddannelsesordf\u00f8rer, Marianne Jelved.<\/p>\n<p>&#8220;Alt for mange kommende gode l\u00e6rere vil ikke f\u00e5 en chance, hvis der alene ses p\u00e5 deres karakterer.<\/p>\n<p>Derfor skal der ogs\u00e5 v\u00e6re mulighed for at f\u00e5 merit for den realkompetence, som ans\u00f8gerne til l\u00e6reruddannelsen kommer med,&#8221; siger Radikale Venstres uddannelsesordf\u00f8rer, Marianne Jelved, der anbefaler undervisningsministeren at indkalde forligspartierne bag l\u00e6reruddannelsen snarest muligt.<\/p>\n<p>&#8220;Jeg afventer ministerens samlede udspil til en mulig \u00e6ndring af l\u00e6reruddannelsen.<\/p>\n<p>Men jeg mener ikke, at forskningen viser, at der er sammenh\u00e6ng mellem h\u00f8je karakterer hos l\u00e6reren, og gode resultater i skolen.<\/p>\n<p>Vi skal se p\u00e5 alle muligheder for at f\u00e5 fremtidens bedste l\u00e6reruddannelse og folkeskolel\u00e6rere,&#8221; siger Marianne Jelved.<\/p>\n<p><strong>Radikale Venstre er med i folkeskoleforliget og sidder derfor med om bordet, n\u00e5r det endelige udspil skal diskuteres. Skriver Det Radikale Venstre i en pressemeddelse. <\/strong><\/p>\n<p><a href=\"https:\/\/www.radikale.dk\/\" target=\"_blank\"><strong>L\u00e6s mere HER\u00a0&lt;&lt;&lt;<\/strong><\/a><\/p>\n<p><strong>Se ogs\u00e5, R: Skatteministeren m\u00e5 redeg\u00f8re for 1.000 milliarder. <\/strong><\/p>\n<p><strong>Se det <a href=\"http:\/\/df-nyt.dk\/?p=8858\" target=\"_blank\">HER<\/a>\u00a0&lt;&lt;&lt;<\/strong><\/p>\n<p><strong>*********************<\/strong><\/p>\n","protected":false},"excerpt":{"rendered":"<p>Undervisningsminister Tina Nedergaard (V) er p\u00e5 vej med et lovforslag om at sk\u00e6rpe adgangskravet til l\u00e6reruddannelsen ved at forh\u00f8je karaktergennemsnittet. Der findes ingen unders\u00f8gelser, som viser, at der er sammenh\u00e6ng mellem h\u00f8je karakterer og gode l\u00e6restuderende. Derfor virker forslaget sn\u00e6vert, mener Radikale Venstres uddannelsesordf\u00f8rer, Marianne Jelved. &#8220;Alt for mange kommende gode l\u00e6rere vil ikke f\u00e5 [&hellip;]<\/p>\n","protected":false},"author":10,"featured_media":0,"comment_status":"open","ping_status":"closed","sticky":false,"template":"","format":"standard","meta":{"footnotes":""},"categories":[1],"tags":[],"class_list":["post-8970","post","type-post","status-publish","format-standard","hentry","category-df-nyt-dk"],"_links":{"self":[{"href":"https:\/\/df-nyt.dk\/blog\/wp-json\/wp\/v2\/posts\/8970","targetHints":{"allow":["GET"]}}],"collection":[{"href":"https:\/\/df-nyt.dk\/blog\/wp-json\/wp\/v2\/posts"}],"about":[{"href":"https:\/\/df-nyt.dk\/blog\/wp-json\/wp\/v2\/types\/post"}],"author":[{"embeddable":true,"href":"https:\/\/df-nyt.dk\/blog\/wp-json\/wp\/v2\/users\/10"}],"replies":[{"embeddable":true,"href":"https:\/\/df-nyt.dk\/blog\/wp-json\/wp\/v2\/comments?post=8970"}],"version-history":[{"count":0,"href":"https:\/\/df-nyt.dk\/blog\/wp-json\/wp\/v2\/posts\/8970\/revisions"}],"wp:attachment":[{"href":"https:\/\/df-nyt.dk\/blog\/wp-json\/wp\/v2\/media?parent=8970"}],"wp:term":[{"taxonomy":"category","embeddable":true,"href":"https:\/\/df-nyt.dk\/blog\/wp-json\/wp\/v2\/categories?post=8970"},{"taxonomy":"post_tag","embeddable":true,"href":"https:\/\/df-nyt.dk\/blog\/wp-json\/wp\/v2\/tags?post=8970"}],"curies":[{"name":"wp","href":"https:\/\/api.w.org\/{rel}","templated":true}]}}