{"id":8975,"date":"2010-09-09T16:18:32","date_gmt":"2010-09-09T15:18:32","guid":{"rendered":"http:\/\/df-nyt.dk\/?p=8975"},"modified":"2024-11-11T19:45:31","modified_gmt":"2024-11-11T18:45:31","slug":"farshad-kholghi-vil-ikke-tale-nazister","status":"publish","type":"post","link":"https:\/\/df-nyt.dk\/blog\/farshad-kholghi-vil-ikke-tale-nazister\/","title":{"rendered":"Farshad Kholghi vil m\u00e5ske\/m\u00e5ske ikke, tale for nazister"},"content":{"rendered":"<p>Farshad Kholghi vil m\u00e5ske\/m\u00e5ske ikke, tale for nazister<\/p>\n<p><img loading=\"lazy\" decoding=\"async\" class=\"alignnone size-full \" src=\"https:\/\/df-nyt.dk\/\/wp-content\/uploads\/050220131528.png\" alt=\"050220131528\" width=\"722\" height=\"585\" \/><\/p>\n<p>S\u00e5 n\u00e5r foreningen Stop Islamiseringen af Europa (SIOE) p\u00e5\u00a0l\u00f8rdag den 11. september 2010 klokken 13.00. samles foran den amerikanske ambassade, s\u00e5 bliver det uden Farshad Kholghi. If\u00f8lge hjemmesiden modkraft.dk<\/p>\n<p>Farshad Kholghi skulle efter sigende have meget imod at tale for mennesker med\u00a0den type\u00a0holdninger.<\/p>\n<p>Han kan jo s\u00e5 eventuelt, bruge lidt mere tid\u00a0p\u00e5 at \u00f8ve sig, -hvis han skal l\u00e6re at mime til den n\u00e6ste forestilling for Sverigsdemokraterne.<\/p>\n<p><img loading=\"lazy\" decoding=\"async\" class=\"alignnone size-full \" src=\"https:\/\/df-nyt.dk\/\/wp-content\/uploads\/260720131826.png\" alt=\"260720131826\" width=\"546\" height=\"635\" \/><\/p>\n<p>Klik p\u00e5 billedet for stor st\u00f8rrelse &#8211; Du kan l\u00e6se mere<a href=\"http:\/\/littlegreenfootballs.com\/weblog\/?entry=27674_About_Vlaams_Belang_and_Sweden_Democrats&amp;only\"> HER<\/a>\u00a0 (Nederst p\u00e5 siden)<\/p>\n<p>MEN!<br \/>\nIf\u00f8lge SIAD s\u00e5 har Farshad Kholghi IKKE meldt afbud.<br \/>\n&nbsp;<br \/>\n<img loading=\"lazy\" decoding=\"async\" class=\"alignnone  size-full \" src=\"https:\/\/df-nyt.dk\/\/wp-content\/uploads\/260720131829.png\" alt=\"260720131829\" width=\"708\" height=\"538\" \/><\/p>\n<p>For yderlig l\u00e6sning.<\/p>\n<p><a href=\"https:\/\/df-nyt.dk\/?p=8894\/\" target=\"_blank\" rel=\"noopener noreferrer\"><span style=\"text-decoration: underline\">Anders-Gravers-og-White-Power-L\u00e6s-det-HER<\/span><\/a><br \/>\nSe ogs\u00e5 modkraft.dk &#8211; De har ogs\u00e5\u00a0et par artikler om samme emne.<br \/>\n&nbsp;<\/p>\n","protected":false},"excerpt":{"rendered":"<p>Farshad Kholghi vil m\u00e5ske\/m\u00e5ske ikke, tale for nazister S\u00e5 n\u00e5r foreningen Stop Islamiseringen af Europa (SIOE) p\u00e5\u00a0l\u00f8rdag den 11. september 2010 klokken 13.00. samles foran den amerikanske ambassade, s\u00e5 bliver det uden Farshad Kholghi. If\u00f8lge hjemmesiden modkraft.dk Farshad Kholghi skulle efter sigende have meget imod at tale for mennesker med\u00a0den type\u00a0holdninger. Han kan jo s\u00e5 [&hellip;]<\/p>\n","protected":false},"author":10,"featured_media":0,"comment_status":"open","ping_status":"closed","sticky":false,"template":"","format":"standard","meta":{"footnotes":""},"categories":[1],"tags":[],"class_list":["post-8975","post","type-post","status-publish","format-standard","hentry","category-df-nyt-dk"],"_links":{"self":[{"href":"https:\/\/df-nyt.dk\/blog\/wp-json\/wp\/v2\/posts\/8975","targetHints":{"allow":["GET"]}}],"collection":[{"href":"https:\/\/df-nyt.dk\/blog\/wp-json\/wp\/v2\/posts"}],"about":[{"href":"https:\/\/df-nyt.dk\/blog\/wp-json\/wp\/v2\/types\/post"}],"author":[{"embeddable":true,"href":"https:\/\/df-nyt.dk\/blog\/wp-json\/wp\/v2\/users\/10"}],"replies":[{"embeddable":true,"href":"https:\/\/df-nyt.dk\/blog\/wp-json\/wp\/v2\/comments?post=8975"}],"version-history":[{"count":2,"href":"https:\/\/df-nyt.dk\/blog\/wp-json\/wp\/v2\/posts\/8975\/revisions"}],"predecessor-version":[{"id":106922,"href":"https:\/\/df-nyt.dk\/blog\/wp-json\/wp\/v2\/posts\/8975\/revisions\/106922"}],"wp:attachment":[{"href":"https:\/\/df-nyt.dk\/blog\/wp-json\/wp\/v2\/media?parent=8975"}],"wp:term":[{"taxonomy":"category","embeddable":true,"href":"https:\/\/df-nyt.dk\/blog\/wp-json\/wp\/v2\/categories?post=8975"},{"taxonomy":"post_tag","embeddable":true,"href":"https:\/\/df-nyt.dk\/blog\/wp-json\/wp\/v2\/tags?post=8975"}],"curies":[{"name":"wp","href":"https:\/\/api.w.org\/{rel}","templated":true}]}}