{"id":8996,"date":"2010-09-09T21:24:02","date_gmt":"2010-09-09T20:24:02","guid":{"rendered":"http:\/\/df-nyt.dk\/?p=8996"},"modified":"2024-10-01T17:13:25","modified_gmt":"2024-10-01T15:13:25","slug":"dansk-folkeparti-ordf%c3%b8re-vil-ikke-hj%c3%a6lpe-ofrene-pakistan","status":"publish","type":"post","link":"https:\/\/df-nyt.dk\/blog\/dansk-folkeparti-ordf%c3%b8re-vil-ikke-hj%c3%a6lpe-ofrene-pakistan\/","title":{"rendered":"Dansk Folkeparti-ordf\u00f8re vil ikke hj\u00e6lpe ofrene i Pakistan"},"content":{"rendered":"<p><img loading=\"lazy\" decoding=\"async\" class=\"alignleft  \" src=\"https:\/\/df-nyt.dk\/\/wp-content\/uploads\/0909201023121.png\" alt=\"090920102312\" width=\"130\" height=\"157\" \/><\/p>\n<p>Dansk Folkepartis udviklingsbistandsordf\u00f8re Tina Petersen, syntes godt om at danskerne ikke \u00f8konomisk, st\u00f8tter ofrene for flodb\u00f8lge katastrofen i Pakistan.<\/p>\n<p>Ofrene for flodb\u00f8lge katastrofen i Pakistan, skal ikke regne med st\u00f8tte fra Dansk Folkepartis udviklingsbistandsordf\u00f8re Tina Petersen.<\/p>\n<p><img loading=\"lazy\" decoding=\"async\" class=\"  alignnone\" src=\"https:\/\/df-nyt.dk\/\/wp-content\/uploads\/0909201023071.png\" alt=\"090920102307\" width=\"399\" height=\"172\" \/><\/p>\n<p>Hun mener nemlig at det er en god ide at danskere ikke bidrager med, en b\u00f8jet fem\u00f8re til Pakistans katastroferamte civilbefolkning <a href=\"http:\/\/p77.dk\/politik-a-verden\/53-danmark\/311-df-ordfore-vil-ikke-hjaelpe-ofrene-i-pakistan\" target=\"_blank\" rel=\"noopener noreferrer\"> <span style=\"text-decoration: underline;\">Skriver man p\u00e5 Netavisen, P77.dk <\/span><\/a><\/p>\n<p>Reference<br \/>\n<a href=\"http:\/\/p77.dk\/politik-a-verden\/53-danmark\/311-df-ordfore-vil-ikke-hjaelpe-ofrene-i-pakistan\" target=\"_blank\" rel=\"noopener noreferrer\"><span style=\"text-decoration: underline;\">Netavisen, P77.dk \/\/p77.dk\/politik-a-verden\/danmark\/df-ordfore-vil-ikke-hjaelpe-ofrene-i-pakistan<\/span><\/a><\/p>\n<p>FN betegner flodb\u00f8lge katastrofen i Pakistan, som en af de v\u00e6rste humanit\u00e6re kriser i nyere tid og advare om at is\u00e6r mange sm\u00e5 b\u00f8rn og kvinder vil d\u00f8, hvis verdenssamfundet ikke bidrager \u00f8konomisk til n\u00f8dhj\u00e6lp og genoprettelse.<\/p>\n","protected":false},"excerpt":{"rendered":"<p>Dansk Folkepartis udviklingsbistandsordf\u00f8re Tina Petersen, syntes godt om at danskerne ikke \u00f8konomisk, st\u00f8tter ofrene for flodb\u00f8lge katastrofen i Pakistan. Ofrene for flodb\u00f8lge katastrofen i Pakistan, skal ikke regne med st\u00f8tte fra Dansk Folkepartis udviklingsbistandsordf\u00f8re Tina Petersen. Hun mener nemlig at det er en god ide at danskere ikke bidrager med, en b\u00f8jet fem\u00f8re til Pakistans [&hellip;]<\/p>\n","protected":false},"author":10,"featured_media":0,"comment_status":"open","ping_status":"closed","sticky":false,"template":"","format":"standard","meta":{"footnotes":""},"categories":[1],"tags":[],"class_list":["post-8996","post","type-post","status-publish","format-standard","hentry","category-df-nyt-dk"],"_links":{"self":[{"href":"https:\/\/df-nyt.dk\/blog\/wp-json\/wp\/v2\/posts\/8996","targetHints":{"allow":["GET"]}}],"collection":[{"href":"https:\/\/df-nyt.dk\/blog\/wp-json\/wp\/v2\/posts"}],"about":[{"href":"https:\/\/df-nyt.dk\/blog\/wp-json\/wp\/v2\/types\/post"}],"author":[{"embeddable":true,"href":"https:\/\/df-nyt.dk\/blog\/wp-json\/wp\/v2\/users\/10"}],"replies":[{"embeddable":true,"href":"https:\/\/df-nyt.dk\/blog\/wp-json\/wp\/v2\/comments?post=8996"}],"version-history":[{"count":1,"href":"https:\/\/df-nyt.dk\/blog\/wp-json\/wp\/v2\/posts\/8996\/revisions"}],"predecessor-version":[{"id":105025,"href":"https:\/\/df-nyt.dk\/blog\/wp-json\/wp\/v2\/posts\/8996\/revisions\/105025"}],"wp:attachment":[{"href":"https:\/\/df-nyt.dk\/blog\/wp-json\/wp\/v2\/media?parent=8996"}],"wp:term":[{"taxonomy":"category","embeddable":true,"href":"https:\/\/df-nyt.dk\/blog\/wp-json\/wp\/v2\/categories?post=8996"},{"taxonomy":"post_tag","embeddable":true,"href":"https:\/\/df-nyt.dk\/blog\/wp-json\/wp\/v2\/tags?post=8996"}],"curies":[{"name":"wp","href":"https:\/\/api.w.org\/{rel}","templated":true}]}}