{"id":9019,"date":"2010-09-10T07:13:36","date_gmt":"2010-09-10T06:13:36","guid":{"rendered":"http:\/\/df-nyt.dk\/?p=9019"},"modified":"2024-10-06T19:53:58","modified_gmt":"2024-10-06T17:53:58","slug":"dansk-folkeparti-og-regeringen-udhuler-k%c3%b8rselsfradraget","status":"publish","type":"post","link":"https:\/\/df-nyt.dk\/blog\/dansk-folkeparti-og-regeringen-udhuler-k%c3%b8rselsfradraget\/","title":{"rendered":"Dansk Metal: Regeringen udhuler k\u00f8rselsfradraget"},"content":{"rendered":"<p><img loading=\"lazy\" decoding=\"async\" src=\"https:\/\/df-nyt.dk\/wp-content\/uploads\/109920100809.png\" alt=\"\" width=\"150\" height=\"147\" class=\"alignleft size-full \" \/><\/p>\n<p>Det \u00f8ger mobiliteten p\u00e5 arbejdsmarkedet.<br \/>\nMen regeringen udhuler k\u00f8rselsfradraget og det kommer til at ramme pendlerne. Danskerne er et folkef\u00e6rd af pendlere.<\/p>\n<p>I 2009 tilbagelagde 194.000 danskere over 100 kilometer frem og tilbage mellem bop\u00e6len og arbejdet. Skriver Dansk Metal i sin pressemeddelelse<\/p>\n<p>\u2013og fors\u00e6tter<br \/>\nDet svarer til 6,8 procent af de besk\u00e6ftigede.<\/p>\n<p>I 2003 var den andel 5,7 procent.<br \/>\nDen h\u00f8je mobilitet blandt de danske l\u00f8nmodtagere er godt for samfundet, mener erhvervspolitisk konsulent Thomas Gyldal Petersen, Dansk Metal:<\/p>\n<p>&#8211; Virksomhederne henter i stigende grad medarbejdere uden for lokalomr\u00e5det, fordi jobbene bliver mere og mere specialiserede. Hvis alle bliver inden for landsbyens &#8216;voldgrav&#8217; -s\u00e5 bliver v\u00e6ksten i samfundet lavere, forklarer Thomas Gyldal Petersen.<\/p>\n<p>&#8211; Regeringens skattereform g\u00f8r det dyrere i fremtiden at have langt til arbejde.<br \/>\nFra og med 2012 og frem til 2019 bliver v\u00e6rdien af k\u00f8rselsfradraget udhulet.<\/p>\n<p>Dansk Metal har regnet sig frem til, at det nedsatte fradrag kommer til at koste l\u00f8nmodtageren 2.600 kroner mere end i dag, hvis han k\u00f8rer 100 kilometer hver dag til og fra arbejde, forklarer Thomas Gyldal Petersen.<\/p>\n<p>&#8211; 60 procent af vores medlemmer bruger bilen hver dag for at komme p\u00e5 arbejde.<\/p>\n<p>De kommer til at betale mere for at komme p\u00e5 arbejde, n\u00e5r fradraget udhules.<\/p>\n<p>Samtidig bliver det dyrere og dyrere at k\u00f8re i bil, forklarer Thomas Gyldal Petersen. If\u00f8lge pressemeddelelse fra Dansk Metal.<\/p>\n<p>-Skattereformen er Dansk Folkeparti og VK-regeringens ide.<\/p>\n<p>Reference<br \/>\nwebstedet \/\/danskmetal.dk \/Nyhede-og-presse\/Nyheder\/2010\/09-20september\/Regeringen-udhuler-koerselsfradraget<\/p>\n","protected":false},"excerpt":{"rendered":"<p>Det \u00f8ger mobiliteten p\u00e5 arbejdsmarkedet. Men regeringen udhuler k\u00f8rselsfradraget og det kommer til at ramme pendlerne. Danskerne er et folkef\u00e6rd af pendlere. I 2009 tilbagelagde 194.000 danskere over 100 kilometer frem og tilbage mellem bop\u00e6len og arbejdet. Skriver Dansk Metal i sin pressemeddelelse \u2013og fors\u00e6tter Det svarer til 6,8 procent af de besk\u00e6ftigede. I 2003 [&hellip;]<\/p>\n","protected":false},"author":10,"featured_media":0,"comment_status":"open","ping_status":"closed","sticky":false,"template":"","format":"standard","meta":{"footnotes":""},"categories":[1],"tags":[],"class_list":["post-9019","post","type-post","status-publish","format-standard","hentry","category-df-nyt-dk"],"_links":{"self":[{"href":"https:\/\/df-nyt.dk\/blog\/wp-json\/wp\/v2\/posts\/9019","targetHints":{"allow":["GET"]}}],"collection":[{"href":"https:\/\/df-nyt.dk\/blog\/wp-json\/wp\/v2\/posts"}],"about":[{"href":"https:\/\/df-nyt.dk\/blog\/wp-json\/wp\/v2\/types\/post"}],"author":[{"embeddable":true,"href":"https:\/\/df-nyt.dk\/blog\/wp-json\/wp\/v2\/users\/10"}],"replies":[{"embeddable":true,"href":"https:\/\/df-nyt.dk\/blog\/wp-json\/wp\/v2\/comments?post=9019"}],"version-history":[{"count":4,"href":"https:\/\/df-nyt.dk\/blog\/wp-json\/wp\/v2\/posts\/9019\/revisions"}],"predecessor-version":[{"id":105202,"href":"https:\/\/df-nyt.dk\/blog\/wp-json\/wp\/v2\/posts\/9019\/revisions\/105202"}],"wp:attachment":[{"href":"https:\/\/df-nyt.dk\/blog\/wp-json\/wp\/v2\/media?parent=9019"}],"wp:term":[{"taxonomy":"category","embeddable":true,"href":"https:\/\/df-nyt.dk\/blog\/wp-json\/wp\/v2\/categories?post=9019"},{"taxonomy":"post_tag","embeddable":true,"href":"https:\/\/df-nyt.dk\/blog\/wp-json\/wp\/v2\/tags?post=9019"}],"curies":[{"name":"wp","href":"https:\/\/api.w.org\/{rel}","templated":true}]}}