{"id":9049,"date":"2010-09-10T13:55:21","date_gmt":"2010-09-10T12:55:21","guid":{"rendered":"http:\/\/df-nyt.dk\/?p=9049"},"modified":"2024-10-03T23:37:38","modified_gmt":"2024-10-03T21:37:38","slug":"gang-byggeriet-af-ungdomsboliger","status":"publish","type":"post","link":"https:\/\/df-nyt.dk\/blog\/gang-byggeriet-af-ungdomsboliger\/","title":{"rendered":"Gang i byggeriet af ungdomsboliger"},"content":{"rendered":"<p>SF vil have sat gang i byggeriet af flere kollegier og ungdomsboliger, der er til at betale for de unge.<\/p>\n<p>Bolig\u00admangel skal ikke sp\u00e6nde ben for, at flere unge kan f\u00e5 en uddannelse i de store byer. Skriver man i Pressemeddelelsen<\/p>\n<p>\u2013og forts\u00e6tter<br \/>\nManglen p\u00e5 ungdomsboliger er stor \u2013 s\u00e6rligt i byer som K\u00f8benhavn, \u00c5rhus og \u00c5lborg. I \u00f8jeblikket st\u00e5r hele 11.000 unge p\u00e5 venteliste i K\u00f8benhavn og 4.000 i Aalborg.<\/p>\n<p>For mens der er kommet flere uddannelsespladser og unge i byerne, er byggeriet af nye ungdomsboliger n\u00e6sten g\u00e5et i nul, samtidig med, at antallet af betalelige private udlejningsboliger er faldet med op imod 4.000 hvert \u00e5r pga. sammenl\u00e6gninger og spekulationsmoderniseringer.<\/p>\n<p>Boligmanglen for unge vil vokse markant de kommende \u00e5r. Om et \u00e5rti vil der if\u00f8lge Danmarks Statistik v\u00e6re 100.000 flere unge i Danmark og hovedparten vil netop s\u00f8ge mod de store byer for at tage en uddannelse.<\/p>\n<p>Det vil forv\u00e6rre manglen p\u00e5 ungdomsboliger, der allerede i dag betyder, at unge sendes i armene p\u00e5 boligspekulanter \u2013 eller p\u00e5 vandrehjem, som det er sket for 120 studerende i Aalborg.<\/p>\n<p><img loading=\"lazy\" decoding=\"async\" class=\" alignnone \" title=\"100920101452\" src=\"https:\/\/df-nyt.dk\/blog\/wp-content\/uploads\/100920101452.png\" width=\"100\" height=\"133\" \/><\/p>\n<p>&#8211; SF vil tage fat p\u00e5 at l\u00f8se det voksende boligproblem med det samme. Usikkerhed om boligen dr\u00e6ner den energi, der skal bruges p\u00e5 studiet og kan ligefrem afholde unge fra udkantsomr\u00e5der i overhovedet at s\u00f8ge ind til de store byer for at f\u00e5 en uddannelse, forklarer SF\u2019s boligordf\u00f8rer Peter Westermann.<\/p>\n<p>En l\u00f8sning p\u00e5 boligproblemet er derfor en foruds\u00e6t\u00adning for at opfylde m\u00e5ls\u00e6tningen om, at 50 % af ungdoms\u00e5rgang tager en videreg\u00e5ende uddannelse.<\/p>\n<p>Derfor har SF sammen med Socialdemokraterne valgt at prioritere flere ungdomsboliger i det f\u00e6lles finanslovsforslag for 2011:<\/p>\n<p>I S-SF&#8217;s finanslovsforslag tilf\u00f8rer vi 1 mia. kr. til at sikre alment nybyggeri, som kommuner og boligselskaber kan f\u00e5 adgang til. Hvis hele puljen bruges p\u00e5 ungdomsboliger, kan der bygges 1000 nye ungdomsboliger allerede i 2011.<\/p>\n<p>For at sikre en sammenh\u00e6ngende og langsigtet indsats foresl\u00e5r SF desuden: Kommuner med videreg\u00e5ende uddannelsesinstitutioner skal forpligtes til at lave helheds\u00adplaner, der sikrer en kontinuerlig indsats for at bygge og renovere ungdomsboliger og kollegier.<\/p>\n<p>Venstre har for nylig meldt ud, at de vil skaffe flere studieboliger ved at give private bygherrer adgang til de kommunale midler, som de almene boligselskaber ellers er alene om at modtage i st\u00f8tte. Det er efter SF\u2019s opfattelse et problematisk forslag:<\/p>\n<p>&#8211; Forslaget giver ikke flere penge til boliger til unge, men g\u00e5r kun ud p\u00e5 at lade den almene bolig\u00adsektor sl\u00e5s med den private sektor om de samme midler. Hvis man ikke vil l\u00e6gge penge p\u00e5 bordet, kan man ikke l\u00f8se problemet., lyder det fra Peter Westermann.<\/p>\n<p>&#8211; Venstres \u00f8nske om at st\u00f8tte private ungdomsboliger og kollegier er ogs\u00e5 problematisk, fordi de private har deres egne adgangskrav og ventelister, som ikke tager samme sociale hensyn som de almene kollegier og ungdomsboliger.<\/p>\n<p>Derfor vil det typisk v\u00e6re ressourcest\u00e6rke unge med netv\u00e6rk i byen, der kommer ind. En ung fra en udkantskommune, der ikke kender nogen i byen, har derimod sv\u00e6rere ved at f\u00e5 en privat ungdomsbolig, slutter Peter Westermann <a href=\"http:\/\/sf.dk\/\"> sin pressemeddelelse fra SF. <\/a><\/p>\n<p>Se ogs\u00e5, Gr\u00e5dige banker truer dankortet, <a href=\"http:\/\/df-nyt.dk\/?p=8250\" target=\"_blank\" rel=\"noopener\">Se det HER<\/a><\/p>\n","protected":false},"excerpt":{"rendered":"<p>SF vil have sat gang i byggeriet af flere kollegier og ungdomsboliger, der er til at betale for de unge. Bolig\u00admangel skal ikke sp\u00e6nde ben for, at flere unge kan f\u00e5 en uddannelse i de store byer. Skriver man i Pressemeddelelsen \u2013og forts\u00e6tter Manglen p\u00e5 ungdomsboliger er stor \u2013 s\u00e6rligt i byer som K\u00f8benhavn, \u00c5rhus [&hellip;]<\/p>\n","protected":false},"author":10,"featured_media":0,"comment_status":"open","ping_status":"closed","sticky":false,"template":"","format":"standard","meta":{"footnotes":""},"categories":[1],"tags":[],"class_list":["post-9049","post","type-post","status-publish","format-standard","hentry","category-df-nyt-dk"],"_links":{"self":[{"href":"https:\/\/df-nyt.dk\/blog\/wp-json\/wp\/v2\/posts\/9049","targetHints":{"allow":["GET"]}}],"collection":[{"href":"https:\/\/df-nyt.dk\/blog\/wp-json\/wp\/v2\/posts"}],"about":[{"href":"https:\/\/df-nyt.dk\/blog\/wp-json\/wp\/v2\/types\/post"}],"author":[{"embeddable":true,"href":"https:\/\/df-nyt.dk\/blog\/wp-json\/wp\/v2\/users\/10"}],"replies":[{"embeddable":true,"href":"https:\/\/df-nyt.dk\/blog\/wp-json\/wp\/v2\/comments?post=9049"}],"version-history":[{"count":5,"href":"https:\/\/df-nyt.dk\/blog\/wp-json\/wp\/v2\/posts\/9049\/revisions"}],"predecessor-version":[{"id":105109,"href":"https:\/\/df-nyt.dk\/blog\/wp-json\/wp\/v2\/posts\/9049\/revisions\/105109"}],"wp:attachment":[{"href":"https:\/\/df-nyt.dk\/blog\/wp-json\/wp\/v2\/media?parent=9049"}],"wp:term":[{"taxonomy":"category","embeddable":true,"href":"https:\/\/df-nyt.dk\/blog\/wp-json\/wp\/v2\/categories?post=9049"},{"taxonomy":"post_tag","embeddable":true,"href":"https:\/\/df-nyt.dk\/blog\/wp-json\/wp\/v2\/tags?post=9049"}],"curies":[{"name":"wp","href":"https:\/\/api.w.org\/{rel}","templated":true}]}}