{"id":90532,"date":"2017-09-12T09:54:42","date_gmt":"2017-09-12T07:54:42","guid":{"rendered":"http:\/\/df-nyt.dk\/?p=90532"},"modified":"2026-01-09T23:09:52","modified_gmt":"2026-01-09T22:09:52","slug":"eu-borgerne-vil-ikke-have-dyretransporter","status":"publish","type":"post","link":"https:\/\/df-nyt.dk\/blog\/eu-borgerne-vil-ikke-have-dyretransporter\/","title":{"rendered":"EU-borgerne vil ikke have dyretransporter"},"content":{"rendered":"<p><img loading=\"lazy\" decoding=\"async\" src=\"https:\/\/df-nyt.dk\/wp-content\/uploads\/2016\/09\/060920160358.png\" alt=\"\" width=\"303\" height=\"53\" class=\"alignnone size-full \" \/><\/p>\n<p>EU-borgerne vil ikke have dyretransporter<br \/>\nOnsdag er uformelt udr\u00e5bt til international &#8216;Stop Dyretransport-dag&#8217;. Skriver man i Margrete Aukens pressemeddelelse<\/p>\n<p>\u2013og forts\u00e6tter.<br \/>\nI juni havde over 1 mio. borgere skrevet under p\u00e5 at de ikke vil have dyretransporter<br \/>\nover l\u00e6ngere afstande fordi dyrene ofte lider overlast.<br \/>\n&nbsp;<br \/>\n<iframe loading=\"lazy\" src=\"https:\/\/youtube.com\/embed\/hcjrpROBN1M? width=\"400\" height=\"225\" frameborder=\"0\" \"><\/iframe><br \/>\n&nbsp;<br \/>\nDet er den europ\u00e6iske EuroGroup for Animals som st\u00e5r bag kampagnen mod dyretransporter #StopTheTrucks.<\/p>\n<p>Kommissionen vil p\u00e5 grund af lovgivningen om \u2019Det Europ\u00e6iske Borgerinitiativ\u2019<br \/>\nfra 2011 skulle vurdere om man skal \u00e6ndre lovgivningen p\u00e5 omr\u00e5det p\u00e5 baggrund<br \/>\naf de over 1 million underskrifter fra minimum 11 lande.<\/p>\n<p>Margrete har st\u00f8ttet et parlamentarisk unders\u00f8gelsesudvalg<br \/>\nfor dyrevelf\u00e6rd der ogs\u00e5 skal arbejde med dyretransporter.<\/p>\n<p>For yderlig l\u00e6sning<\/p>\n<p><a href=\"http:\/\/stopthetrucks.eu:80\/en\/?\" target=\"_blank\" rel=\"noopener noreferrer\"><span style=\"text-decoration: underline;\">Kampange-portalen #StopTheTrucks<\/span><\/a><br \/>\n&nbsp;<br \/>\n<a href=\"https:\/\/sf.dk\/\" rel=\"noopener noreferrer\" target=\"_blank\"><span style=\"text-decoration: underline\">\/sf.dk \/seneste-nyt<\/span><\/a><br \/>\n&nbsp;<br \/>\n<a href=\"https:\/\/greens-efa.eu\/en\/\" target=\"_blank\" rel=\"noopener noreferrer\"><span style=\"text-decoration: underline;\">Se den Gr\u00f8nne gruppe i parlamentet her<\/span><\/a><br \/>\n&nbsp;<\/p>\n","protected":false},"excerpt":{"rendered":"<p>EU-borgerne vil ikke have dyretransporter Onsdag er uformelt udr\u00e5bt til international &#8216;Stop Dyretransport-dag&#8217;. Skriver man i Margrete Aukens pressemeddelelse \u2013og forts\u00e6tter. I juni havde over 1 mio. borgere skrevet under p\u00e5 at de ikke vil have dyretransporter over l\u00e6ngere afstande fordi dyrene ofte lider overlast. &nbsp; &nbsp; Det er den europ\u00e6iske EuroGroup for Animals som [&hellip;]<\/p>\n","protected":false},"author":10,"featured_media":0,"comment_status":"open","ping_status":"open","sticky":false,"template":"","format":"standard","meta":{"footnotes":""},"categories":[1],"tags":[],"class_list":["post-90532","post","type-post","status-publish","format-standard","hentry","category-df-nyt-dk"],"_links":{"self":[{"href":"https:\/\/df-nyt.dk\/blog\/wp-json\/wp\/v2\/posts\/90532","targetHints":{"allow":["GET"]}}],"collection":[{"href":"https:\/\/df-nyt.dk\/blog\/wp-json\/wp\/v2\/posts"}],"about":[{"href":"https:\/\/df-nyt.dk\/blog\/wp-json\/wp\/v2\/types\/post"}],"author":[{"embeddable":true,"href":"https:\/\/df-nyt.dk\/blog\/wp-json\/wp\/v2\/users\/10"}],"replies":[{"embeddable":true,"href":"https:\/\/df-nyt.dk\/blog\/wp-json\/wp\/v2\/comments?post=90532"}],"version-history":[{"count":5,"href":"https:\/\/df-nyt.dk\/blog\/wp-json\/wp\/v2\/posts\/90532\/revisions"}],"predecessor-version":[{"id":110963,"href":"https:\/\/df-nyt.dk\/blog\/wp-json\/wp\/v2\/posts\/90532\/revisions\/110963"}],"wp:attachment":[{"href":"https:\/\/df-nyt.dk\/blog\/wp-json\/wp\/v2\/media?parent=90532"}],"wp:term":[{"taxonomy":"category","embeddable":true,"href":"https:\/\/df-nyt.dk\/blog\/wp-json\/wp\/v2\/categories?post=90532"},{"taxonomy":"post_tag","embeddable":true,"href":"https:\/\/df-nyt.dk\/blog\/wp-json\/wp\/v2\/tags?post=90532"}],"curies":[{"name":"wp","href":"https:\/\/api.w.org\/{rel}","templated":true}]}}