{"id":90570,"date":"2017-09-13T18:45:31","date_gmt":"2017-09-13T16:45:31","guid":{"rendered":"http:\/\/df-nyt.dk\/?p=90570"},"modified":"2024-02-07T05:58:52","modified_gmt":"2024-02-07T04:58:52","slug":"kontrol-med-vaabeneksporten-fra-eu","status":"publish","type":"post","link":"https:\/\/df-nyt.dk\/blog\/kontrol-med-vaabeneksporten-fra-eu\/","title":{"rendered":"Kontrol med v\u00e5beneksporten fra EU"},"content":{"rendered":"<p><img loading=\"lazy\" decoding=\"async\" src=\"https:\/\/df-nyt.dk\/\/wp-content\/uploads\/2016\/09\/060920160358.png\" alt=\"060920160358\" width=\"303\" height=\"53\" \"\/><\/p>\n<p>Kontrol med v\u00e5beneksporten fra EU<br \/>\nN\u00e5r der s\u00e6lges v\u00e5ben til skr\u00f8belige stater, underminerer det udviklingen i landene og bidrager til flygtningestr\u00f8mme. Skriver man i Margrete Aukens pressemeddelelse<\/p>\n<p>\u2013og forts\u00e6tter.<br \/>\nDet er i alles interesse at der f\u00f8res stram kontrol med v\u00e5beneksporten, og EU\u2019s medlemslande har da ogs\u00e5 opstillet otte konkrete krav til eksport\u00f8rer.<\/p>\n<p>Men overholdelsen halter selvom EUs medlemslande tilsammen udg\u00f8r den andenst\u00f8rste v\u00e5beneksport\u00f8r i verden.<\/p>\n<p>I ti \u00e5r har de Gr\u00f8nne arbejdet for mere gennemsigtighed i v\u00e5beneksporten, men vi er ofte blevet modarbejdet af is\u00e6r de franske Kristendemokrater.<\/p>\n<p>Det er blevet til en rapport fra Parlamentet med den gr\u00f8nne svenske Bodil Valero som hovedforhandler.<\/p>\n<p>Den opfordrer blandt andet til at introducere sanktioner overfor de lande som ikke overholder kravene (det er is\u00e6r de tre st\u00f8rste eksport\u00f8rer: Storbritannien, Frankrig og Tyskland) og til en v\u00e5benembargo imod Saudi-Arabien.<\/p>\n<p>Den skal til debat tirsdag, og der stemmes om den onsdag.<\/p>\n<p>For yderlig l\u00e6sning.<\/p>\n<p><a href=\"https:\/\/sf.dk\/\" rel=\"noopener noreferrer\" target=\"_blank\"><span style=\"text-decoration: underline\">Seneste nyt fra SF<\/span><\/a><br \/>\n&nbsp;<\/p>\n<p><a href=\"https:\/\/greens-efa.eu\/en\/\" target=\"_blank\" rel=\"noopener noreferrer\"><span style=\"text-decoration: underline;\">Se den Gr\u00f8nne gruppe i parlamentet her<\/span><\/a><br \/>\n&nbsp;<\/p>\n<hr \/>\n<p>Parlamentets ordf\u00f8rer\u00a0<a href=\"http:\/\/europarl.europa.eu\/meps\/en\/124993\/BODIL_VALERO_activities.html\" target=\"_blank\" rel=\"noopener noreferrer\"><span style=\"text-decoration: underline\">Bodil Valero, Gr\u00f8nne \/ EFA, SV,<\/span><\/a>\u00a0sagde under debatten -Vi skal sk\u00e6rpe v\u00e5beneksportkontrol.\u00a0EU b\u00f8r ikke lukke \u00f8jnene, n\u00e5r europ\u00e6iske v\u00e5ben anvendes til et form\u00e5l, der ikke overholder vores egne regler.\u00a0Vi \u00f8nsker visse \u00e6ndringer: bedre kontrol, sanktioner mod de lande, der bryder reglerne, og fru Mogherini skal tage initiativ til at bruge v\u00e5benembargokortet, hvor dette er n\u00f8dvendigt.<\/p>\n<p>Note<br \/>\nFru Mogherini er EU-parlamentets sikkerheds-politiske chef.<\/p>\n<p><a href=\"http:\/\/europarl.europa.eu\/news\/en\/press-room\" target=\"_blank\" rel=\"noopener noreferrer\"><span style=\"text-decoration: underline\">Link til pressemeddelelser<\/span><\/a><br \/>\n&nbsp;<br \/>\n<a href=\"https:\/\/df-nyt.dk\/\/wp-content\/uploads\/2017\/09\/EU-Member-States-arms-exports-2013.pdf\"><span style=\"text-decoration: underline\">EU Member States, arms exports (2013)<\/span><\/a><br \/>\n&nbsp;<br \/>\n<img loading=\"lazy\" decoding=\"async\" src=\"https:\/\/df-nyt.dk\/\/wp-content\/uploads\/2017\/09\/140920170529.png\" alt=\"\" width=\"449\" height=\"211\" \/><br \/>\n&nbsp;<br \/>\n<a href=\"https:\/\/df-nyt.dk\/\/wp-content\/uploads\/2017\/09\/EU-Member-States-arms-exports-2013.pdf\" target=\"_blank\" rel=\"noopener noreferrer\"><span style=\"text-decoration: underline\">EU Member States, arms exports (2013) pdf-fil, download<\/span><\/a><br \/>\n&nbsp;<\/p>\n","protected":false},"excerpt":{"rendered":"","protected":false},"author":10,"featured_media":0,"comment_status":"open","ping_status":"open","sticky":false,"template":"","format":"standard","meta":{"footnotes":""},"categories":[1],"tags":[],"class_list":["post-90570","post","type-post","status-publish","format-standard","hentry","category-df-nyt-dk"],"_links":{"self":[{"href":"https:\/\/df-nyt.dk\/blog\/wp-json\/wp\/v2\/posts\/90570","targetHints":{"allow":["GET"]}}],"collection":[{"href":"https:\/\/df-nyt.dk\/blog\/wp-json\/wp\/v2\/posts"}],"about":[{"href":"https:\/\/df-nyt.dk\/blog\/wp-json\/wp\/v2\/types\/post"}],"author":[{"embeddable":true,"href":"https:\/\/df-nyt.dk\/blog\/wp-json\/wp\/v2\/users\/10"}],"replies":[{"embeddable":true,"href":"https:\/\/df-nyt.dk\/blog\/wp-json\/wp\/v2\/comments?post=90570"}],"version-history":[{"count":3,"href":"https:\/\/df-nyt.dk\/blog\/wp-json\/wp\/v2\/posts\/90570\/revisions"}],"predecessor-version":[{"id":106167,"href":"https:\/\/df-nyt.dk\/blog\/wp-json\/wp\/v2\/posts\/90570\/revisions\/106167"}],"wp:attachment":[{"href":"https:\/\/df-nyt.dk\/blog\/wp-json\/wp\/v2\/media?parent=90570"}],"wp:term":[{"taxonomy":"category","embeddable":true,"href":"https:\/\/df-nyt.dk\/blog\/wp-json\/wp\/v2\/categories?post=90570"},{"taxonomy":"post_tag","embeddable":true,"href":"https:\/\/df-nyt.dk\/blog\/wp-json\/wp\/v2\/tags?post=90570"}],"curies":[{"name":"wp","href":"https:\/\/api.w.org\/{rel}","templated":true}]}}