{"id":90725,"date":"2017-09-19T07:07:34","date_gmt":"2017-09-19T05:07:34","guid":{"rendered":"http:\/\/df-nyt.dk\/?p=90725"},"modified":"2026-01-09T23:08:52","modified_gmt":"2026-01-09T22:08:52","slug":"den-personlige-skraldeboette","status":"publish","type":"post","link":"https:\/\/df-nyt.dk\/blog\/den-personlige-skraldeboette\/","title":{"rendered":"Den personlige skraldeb\u00f8tte"},"content":{"rendered":"<p><iframe loading=\"lazy\" src=\"https:\/\/youtube.com\/embed\/YvDzL287d-0? width=\"400\" height=\"225\" frameborder=\"0\" \"><\/iframe><\/p>\n<p>Den personlige skraldeb\u00f8tte<br \/>\nOverordnet set, ud fra en samfundsm\u00e6ssig betragtning, er det indlysende at en affaldssortering ved kilden, kan \u00f8ge genbrug af resurser som ellers ville g\u00e5 op i r\u00f8g.<\/p>\n<p><img loading=\"lazy\" decoding=\"async\" src=\"https:\/\/df-nyt.dk\/\/wp-content\/uploads\/2017\/09\/190920170704.png\" alt=\"\" width=\"269\" height=\"131\" \/><\/p>\n<p>Det burde ikke kunne g\u00e5 galt<br \/>\nMen angiveligt for at fremtidssikre, s\u00e5 husholdningerne kan blive p\u00e5lagt en afgift efter hvor meget affald der bliver afhentet fra matriklen, -s\u00e5 har man valgt at monterer stregkoder og adresser p\u00e5 b\u00f8tterne.<\/p>\n<p><img loading=\"lazy\" decoding=\"async\" src=\"https:\/\/df-nyt.dk\/\/wp-content\/uploads\/2017\/09\/190920170637.png\" alt=\"\" width=\"379\" height=\"213\" \/><\/p>\n<p>Et valg<br \/>\nDet valg betyder imidlertid, at man ved afhentning af b\u00f8tterne<br \/>\n-n\u00e6rmest fordobler tidsforbruget<br \/>\nog arbejds-byrden, i forhold til tidligere<br \/>\n-da man kunne medbringe en tom affaldspose<br \/>\nsom erstatning for den fyldte.<\/p>\n<p><img loading=\"lazy\" decoding=\"async\" src=\"https:\/\/df-nyt.dk\/\/wp-content\/uploads\/2017\/09\/220920170732.png\" alt=\"\" width=\"185\" height=\"252\" \/><\/p>\n<p>Alternativ synsvinklen<br \/>\nPersonkredse bag partier som, De Konservative og Liberal Alliance,<br \/>\n-der er kendt for at rumme m\u00e6rkv\u00e6rdige synsvinkler,<br \/>\nkan naturligvis have haft indflydelse i beslutningsprocessen,<br \/>\nhvilket dog er sv\u00e6rt at p\u00e5vise.<\/p>\n<p><img loading=\"lazy\" decoding=\"async\" src=\"https:\/\/df-nyt.dk\/\/wp-content\/uploads\/2017\/09\/190920170642.png\" alt=\"\" width=\"398\" height=\"175\" \/><\/p>\n<p>Logisk l\u00f8sning<br \/>\nJa det forekommer indlysende at medbringe en tom b\u00f8tte,<br \/>\nsom erstatning for den man \u00f8nsker at afhente.<\/p>\n<p>Men, hvor gik det galt?<\/p>\n<p>Verdensm\u00e5lene &#8211; for b\u00e6redygtig udvikling<br \/>\nP\u00e5 FN&#8217;s \u00e5rlige generalforsamling i september 2015 vedtog alle verdens nationer -hvad der ofte bliver kaldt for, Verdensm\u00e5lene for en B\u00e6redygtig Udvikling, som n\u00e6vner en r\u00e6kke delm\u00e5l.<\/p>\n<p>Delm\u00e5l<br \/>\n11.6\u00a0-Inden 2030 skal den negative milj\u00f8belastning pr. Indbygger reduceres, herunder<br \/>\nved at l\u00e6gge s\u00e6rlig v\u00e6gt p\u00e5 luftkvalitet og p\u00e5 kommunalt og anden affaldsforvaltning.<\/p>\n<p>Det kan du l\u00e6se mere om p\u00e5 hjemmesiden, verdensmaalene.dk \u00a0<br \/>\n\/\/verdensmaalene.dk\/\/maal\/11&#8243; <\/p>\n<p>Den uddelegeret proces<br \/>\nFra EU til milj\u00f8ministeriet som barsler med et direktiv til kommunerne,<br \/>\n-som m\u00e5 forholde sig til opgaven.<\/p>\n<p>Reference<br \/>\n\/\/mst.dk\/&#8221;  Milj\u00f8styrelsen<\/p>\n<p>For yderlig l\u00e6sning<\/p>\n<p><a href=\"https:\/\/df-nyt.dk\/implementering-af-eus-affaldslovgivning\/\" target=\"_blank\" rel=\"noopener noreferrer\"><span style=\"text-decoration: underline\">Implementering af EUs affaldslovgivning<\/span><\/a><br \/>\n&nbsp;<br \/>\n<a href=\"https:\/\/df-nyt.dk\/affaldshaandtering-paa-groenland\/\" target=\"_blank\" rel=\"noopener noreferrer\"><span style=\"text-decoration: underline\">Affaldsh\u00e5ndtering p\u00e5 Gr\u00f8nland<\/span><\/a><br \/>\n&nbsp;<br \/>\n<a href=\"https:\/\/df-nyt.dk\/det-konservative-folkeparti-for-talentloese-tanter\/\" target=\"_blank\" rel=\"noopener noreferrer\"><span style=\"text-decoration: underline\">Det Konservative Folkeparti for talentl\u00f8se tanter<\/span><\/a><br \/>\n&nbsp;<br \/>\n<a href=\"https:\/\/df-nyt.dk\/liberal-alliance-dansk-folkeparti\/\" target=\"_blank\" rel=\"noopener noreferrer\"><span style=\"text-decoration: underline\">Liberal Alliance, Dansk Folkeparti<\/span><\/a><br \/>\n&nbsp;<\/p>\n","protected":false},"excerpt":{"rendered":"<p>Den personlige skraldeb\u00f8tte Overordnet set, ud fra en samfundsm\u00e6ssig betragtning, er det indlysende at en affaldssortering ved kilden, kan \u00f8ge genbrug af resurser som ellers ville g\u00e5 op i r\u00f8g. Det burde ikke kunne g\u00e5 galt Men angiveligt for at fremtidssikre, s\u00e5 husholdningerne kan blive p\u00e5lagt en afgift efter hvor meget affald der bliver afhentet [&hellip;]<\/p>\n","protected":false},"author":10,"featured_media":0,"comment_status":"open","ping_status":"open","sticky":false,"template":"","format":"standard","meta":{"footnotes":""},"categories":[1],"tags":[],"class_list":["post-90725","post","type-post","status-publish","format-standard","hentry","category-df-nyt-dk"],"_links":{"self":[{"href":"https:\/\/df-nyt.dk\/blog\/wp-json\/wp\/v2\/posts\/90725","targetHints":{"allow":["GET"]}}],"collection":[{"href":"https:\/\/df-nyt.dk\/blog\/wp-json\/wp\/v2\/posts"}],"about":[{"href":"https:\/\/df-nyt.dk\/blog\/wp-json\/wp\/v2\/types\/post"}],"author":[{"embeddable":true,"href":"https:\/\/df-nyt.dk\/blog\/wp-json\/wp\/v2\/users\/10"}],"replies":[{"embeddable":true,"href":"https:\/\/df-nyt.dk\/blog\/wp-json\/wp\/v2\/comments?post=90725"}],"version-history":[{"count":4,"href":"https:\/\/df-nyt.dk\/blog\/wp-json\/wp\/v2\/posts\/90725\/revisions"}],"predecessor-version":[{"id":110962,"href":"https:\/\/df-nyt.dk\/blog\/wp-json\/wp\/v2\/posts\/90725\/revisions\/110962"}],"wp:attachment":[{"href":"https:\/\/df-nyt.dk\/blog\/wp-json\/wp\/v2\/media?parent=90725"}],"wp:term":[{"taxonomy":"category","embeddable":true,"href":"https:\/\/df-nyt.dk\/blog\/wp-json\/wp\/v2\/categories?post=90725"},{"taxonomy":"post_tag","embeddable":true,"href":"https:\/\/df-nyt.dk\/blog\/wp-json\/wp\/v2\/tags?post=90725"}],"curies":[{"name":"wp","href":"https:\/\/api.w.org\/{rel}","templated":true}]}}