{"id":9083,"date":"2010-09-11T13:35:44","date_gmt":"2010-09-11T12:35:44","guid":{"rendered":"http:\/\/df-nyt.dk\/?p=9083"},"modified":"2018-03-16T20:25:44","modified_gmt":"2018-03-16T19:25:44","slug":"en-lille-latterlig-flok-tilhaengere-af-anders-gravers","status":"publish","type":"post","link":"https:\/\/df-nyt.dk\/blog\/en-lille-latterlig-flok-tilhaengere-af-anders-gravers\/","title":{"rendered":"En lille latterlig flok tilh\u00e6ngere af Anders Gravers &#038; Co."},"content":{"rendered":"<p>Havde stillet sig op p\u00e5 den bef\u00e6rdet hovedf\u00e6rdsels\u00e5re Dag Hammarskj\u00f6lds All\u00e9.<\/p>\n<p>Der stod s\u00e5 en mand og sang, medens resten kikkede p\u00e5.<br \/>\nMan forventede nok, at nogen \u00a0i ejendommen bag dem, ville \u00e5bne et vindue<br \/>\nog smide et par m\u00f8nter ned til sangeren.<\/p>\n<p><a href=\"https:\/\/df-nyt.dk\/blog\/wp-content\/uploads\/090420140941.png\"><img loading=\"lazy\" decoding=\"async\" class=\"aligncenter size-full wp-image-58930\" src=\"https:\/\/df-nyt.dk\/blog\/wp-content\/uploads\/090420140941.png\" alt=\"090420140941\" width=\"388\" height=\"328\" \/><\/a><\/p>\n<p><strong>L\u00e6s ogs\u00e5, Farshad Kholghi vil m\u00e5ske\/m\u00e5ske ikke, tale for nazister. L\u00e6s det \u00a0<span style=\"text-decoration: underline;\"> <a href=\"http:\/\/df-nyt.dk\/?p=8975\">HER<\/a>\u00a0<\/span>&lt;&lt;&lt;<\/strong><\/p>\n<p>Se video-filmen i indl\u00e6gget, Anders Gravers og White Power<strong> &#8211; <\/strong><strong><span style=\"text-decoration: underline;\"><a href=\"http:\/\/df-nyt.dk\/?p=8894\" target=\"_blank\">Se den HER<\/a><\/span><\/strong><\/p>\n<p>&nbsp;<\/p>\n","protected":false},"excerpt":{"rendered":"<p>Havde stillet sig op p\u00e5 den bef\u00e6rdet hovedf\u00e6rdsels\u00e5re Dag Hammarskj\u00f6lds All\u00e9. Der stod s\u00e5 en mand og sang, medens resten kikkede p\u00e5. Man forventede nok, at nogen \u00a0i ejendommen bag dem, ville \u00e5bne et vindue og smide et par m\u00f8nter ned til sangeren. L\u00e6s ogs\u00e5, Farshad Kholghi vil m\u00e5ske\/m\u00e5ske ikke, tale for nazister. L\u00e6s det [&hellip;]<\/p>\n","protected":false},"author":10,"featured_media":0,"comment_status":"open","ping_status":"closed","sticky":false,"template":"","format":"standard","meta":{"footnotes":""},"categories":[1],"tags":[],"class_list":["post-9083","post","type-post","status-publish","format-standard","hentry","category-df-nyt-dk"],"_links":{"self":[{"href":"https:\/\/df-nyt.dk\/blog\/wp-json\/wp\/v2\/posts\/9083","targetHints":{"allow":["GET"]}}],"collection":[{"href":"https:\/\/df-nyt.dk\/blog\/wp-json\/wp\/v2\/posts"}],"about":[{"href":"https:\/\/df-nyt.dk\/blog\/wp-json\/wp\/v2\/types\/post"}],"author":[{"embeddable":true,"href":"https:\/\/df-nyt.dk\/blog\/wp-json\/wp\/v2\/users\/10"}],"replies":[{"embeddable":true,"href":"https:\/\/df-nyt.dk\/blog\/wp-json\/wp\/v2\/comments?post=9083"}],"version-history":[{"count":0,"href":"https:\/\/df-nyt.dk\/blog\/wp-json\/wp\/v2\/posts\/9083\/revisions"}],"wp:attachment":[{"href":"https:\/\/df-nyt.dk\/blog\/wp-json\/wp\/v2\/media?parent=9083"}],"wp:term":[{"taxonomy":"category","embeddable":true,"href":"https:\/\/df-nyt.dk\/blog\/wp-json\/wp\/v2\/categories?post=9083"},{"taxonomy":"post_tag","embeddable":true,"href":"https:\/\/df-nyt.dk\/blog\/wp-json\/wp\/v2\/tags?post=9083"}],"curies":[{"name":"wp","href":"https:\/\/api.w.org\/{rel}","templated":true}]}}