{"id":90922,"date":"2017-09-27T07:30:58","date_gmt":"2017-09-27T05:30:58","guid":{"rendered":"http:\/\/df-nyt.dk\/?p=90922"},"modified":"2024-02-07T05:55:53","modified_gmt":"2024-02-07T04:55:53","slug":"vigtigt-besoeg-af-lokalpolitikere","status":"publish","type":"post","link":"https:\/\/df-nyt.dk\/blog\/vigtigt-besoeg-af-lokalpolitikere\/","title":{"rendered":"Vigtigt bes\u00f8g af lokalpolitikere"},"content":{"rendered":"<p><img loading=\"lazy\" decoding=\"async\" src=\"https:\/\/df-nyt.dk\/\/wp-content\/uploads\/2016\/09\/060920160358.png\" alt=\"060920160358\" width=\"303\" height=\"53\" \/><\/p>\n<p>Vigtigt bes\u00f8g af lokalpolitikere<br \/>\nTorsdag f\u00e5r Margrete bes\u00f8g af en st\u00f8rre delegation af SFs transportudvalg og klimaudvalg. Skriver man i Margrete Aukens pressemeddelelse<\/p>\n<p>\u2013og forts\u00e6tter.<br \/>\nDe har taget turen til Bruxelles for at tale med Parlamentets r\u00e5dgivere p\u00e5 transport og klima samt diverse milj\u00f8organisationer og folk der st\u00e5r bag lokale projekter s\u00e5som den lokale letbane i Bruxelles.<\/p>\n<p>Form\u00e5let er at skabe kontakter, partnerskaber og vidensdeling imellem lokale politikere i Danmark og europ\u00e6iske organisationer.<\/p>\n<p>For yderlig l\u00e6sning<\/p>\n<p><a href=\"https:\/\/sf.dk\/\" rel=\"noopener noreferrer\" target=\"_blank\"><span style=\"text-decoration: underline\">Seneste nyt fra SF<\/span><\/a><br \/>\n&nbsp;<br \/>\n<a href=\"https:\/\/greens-efa.eu\/en\/\" target=\"_blank\" rel=\"noopener noreferrer\"><span style=\"text-decoration: underline;\">Se den Gr\u00f8nne gruppe i parlamentet her<\/span><\/a><br \/>\n&nbsp;<\/p>\n","protected":false},"excerpt":{"rendered":"<p>Vigtigt bes\u00f8g af lokalpolitikere Torsdag f\u00e5r Margrete bes\u00f8g af en st\u00f8rre delegation af SFs transportudvalg og klimaudvalg. Skriver man i Margrete Aukens pressemeddelelse \u2013og forts\u00e6tter. De har taget turen til Bruxelles for at tale med Parlamentets r\u00e5dgivere p\u00e5 transport og klima samt diverse milj\u00f8organisationer og folk der st\u00e5r bag lokale projekter s\u00e5som den lokale letbane [&hellip;]<\/p>\n","protected":false},"author":10,"featured_media":0,"comment_status":"open","ping_status":"open","sticky":false,"template":"","format":"standard","meta":{"footnotes":""},"categories":[1],"tags":[],"class_list":["post-90922","post","type-post","status-publish","format-standard","hentry","category-df-nyt-dk"],"_links":{"self":[{"href":"https:\/\/df-nyt.dk\/blog\/wp-json\/wp\/v2\/posts\/90922","targetHints":{"allow":["GET"]}}],"collection":[{"href":"https:\/\/df-nyt.dk\/blog\/wp-json\/wp\/v2\/posts"}],"about":[{"href":"https:\/\/df-nyt.dk\/blog\/wp-json\/wp\/v2\/types\/post"}],"author":[{"embeddable":true,"href":"https:\/\/df-nyt.dk\/blog\/wp-json\/wp\/v2\/users\/10"}],"replies":[{"embeddable":true,"href":"https:\/\/df-nyt.dk\/blog\/wp-json\/wp\/v2\/comments?post=90922"}],"version-history":[{"count":2,"href":"https:\/\/df-nyt.dk\/blog\/wp-json\/wp\/v2\/posts\/90922\/revisions"}],"predecessor-version":[{"id":102323,"href":"https:\/\/df-nyt.dk\/blog\/wp-json\/wp\/v2\/posts\/90922\/revisions\/102323"}],"wp:attachment":[{"href":"https:\/\/df-nyt.dk\/blog\/wp-json\/wp\/v2\/media?parent=90922"}],"wp:term":[{"taxonomy":"category","embeddable":true,"href":"https:\/\/df-nyt.dk\/blog\/wp-json\/wp\/v2\/categories?post=90922"},{"taxonomy":"post_tag","embeddable":true,"href":"https:\/\/df-nyt.dk\/blog\/wp-json\/wp\/v2\/tags?post=90922"}],"curies":[{"name":"wp","href":"https:\/\/api.w.org\/{rel}","templated":true}]}}