{"id":90932,"date":"2017-09-28T07:56:34","date_gmt":"2017-09-28T05:56:34","guid":{"rendered":"http:\/\/df-nyt.dk\/?p=90932"},"modified":"2024-02-07T05:52:47","modified_gmt":"2024-02-07T04:52:47","slug":"minimumsindkomster-til-borgere-i-eu","status":"publish","type":"post","link":"https:\/\/df-nyt.dk\/blog\/minimumsindkomster-til-borgere-i-eu\/","title":{"rendered":"Minimumsindkomster til borgere i EU"},"content":{"rendered":"<p><img loading=\"lazy\" decoding=\"async\" class=\"alignnone\" src=\"https:\/\/df-nyt.dk\/\/wp-content\/uploads\/2016\/09\/060920160358.png\" alt=\"060920160358\" width=\"303\" height=\"53\" \/><\/p>\n<p>Minimumsindkomster til borgere i EU<br \/>\nP\u00e5 torsdag stemmer besk\u00e6ftigelsesudvalget om s\u00e5kaldt egenrapport (dvs. en ikke lovgivende rapport udarbejdet p\u00e5 Parlamentet eget initiativ) om hvordan minimumsindkomstpolitik kan bruges til at bek\u00e6mpe fattigdom. Skriver man i Margrete Aukens pressemeddelelse <\/p>\n<p>\u2013og forts\u00e6tter.<br \/>\nSocialpolitik ligger h\u00f8jt p\u00e5 dagsordenen i disse dage da Parlamentet, R\u00e5det (regeringerne) og Kommissionen skal m\u00f8des den 17. november til det Sociale Topm\u00f8de i G\u00f8teborg.<\/p>\n<p>Mange i Danmark er nerv\u00f8se for at minimumsindkomst bliver til minimumsl\u00f8n og derved undergrave den danske arbejdsmarkedsmodel med forhandling mellem parterne.<\/p>\n<p>Det er der dog ikke noget der tyder p\u00e5 da b\u00e5de Kommissionen og flertallet i Parlamentet har indset at det danske system fungerer udm\u00e6rket.<\/p>\n<p>For yderlig l\u00e6sning<\/p>\n<p><a href=\"https:\/\/sf.dk\/\" target=\"_blank\" rel=\"noopener noreferrer\"><span style=\"text-decoration: underline;\">Seneste nyt fra SF<\/span><\/a><br \/>\n&nbsp;<br \/>\n<a href=\"https:\/\/greens-efa.eu\/en\/\" target=\"_blank\" rel=\"noopener noreferrer\"><span style=\"text-decoration: underline;\">Se den Gr\u00f8nne gruppe i parlamentet her<\/span><\/a><\/p>\n","protected":false},"excerpt":{"rendered":"<p>Minimumsindkomster til borgere i EU P\u00e5 torsdag stemmer besk\u00e6ftigelsesudvalget om s\u00e5kaldt egenrapport (dvs. en ikke lovgivende rapport udarbejdet p\u00e5 Parlamentet eget initiativ) om hvordan minimumsindkomstpolitik kan bruges til at bek\u00e6mpe fattigdom. Skriver man i Margrete Aukens pressemeddelelse \u2013og forts\u00e6tter. Socialpolitik ligger h\u00f8jt p\u00e5 dagsordenen i disse dage da Parlamentet, R\u00e5det (regeringerne) og Kommissionen skal m\u00f8des [&hellip;]<\/p>\n","protected":false},"author":10,"featured_media":0,"comment_status":"open","ping_status":"open","sticky":false,"template":"","format":"standard","meta":{"footnotes":""},"categories":[1],"tags":[],"class_list":["post-90932","post","type-post","status-publish","format-standard","hentry","category-df-nyt-dk"],"_links":{"self":[{"href":"https:\/\/df-nyt.dk\/blog\/wp-json\/wp\/v2\/posts\/90932","targetHints":{"allow":["GET"]}}],"collection":[{"href":"https:\/\/df-nyt.dk\/blog\/wp-json\/wp\/v2\/posts"}],"about":[{"href":"https:\/\/df-nyt.dk\/blog\/wp-json\/wp\/v2\/types\/post"}],"author":[{"embeddable":true,"href":"https:\/\/df-nyt.dk\/blog\/wp-json\/wp\/v2\/users\/10"}],"replies":[{"embeddable":true,"href":"https:\/\/df-nyt.dk\/blog\/wp-json\/wp\/v2\/comments?post=90932"}],"version-history":[{"count":2,"href":"https:\/\/df-nyt.dk\/blog\/wp-json\/wp\/v2\/posts\/90932\/revisions"}],"predecessor-version":[{"id":102321,"href":"https:\/\/df-nyt.dk\/blog\/wp-json\/wp\/v2\/posts\/90932\/revisions\/102321"}],"wp:attachment":[{"href":"https:\/\/df-nyt.dk\/blog\/wp-json\/wp\/v2\/media?parent=90932"}],"wp:term":[{"taxonomy":"category","embeddable":true,"href":"https:\/\/df-nyt.dk\/blog\/wp-json\/wp\/v2\/categories?post=90932"},{"taxonomy":"post_tag","embeddable":true,"href":"https:\/\/df-nyt.dk\/blog\/wp-json\/wp\/v2\/tags?post=90932"}],"curies":[{"name":"wp","href":"https:\/\/api.w.org\/{rel}","templated":true}]}}