{"id":90947,"date":"2017-10-03T23:22:35","date_gmt":"2017-10-03T21:22:35","guid":{"rendered":"http:\/\/df-nyt.dk\/?p=90947"},"modified":"2024-02-07T05:51:48","modified_gmt":"2024-02-07T04:51:48","slug":"brexit-forhandlingers-4-runde","status":"publish","type":"post","link":"https:\/\/df-nyt.dk\/blog\/brexit-forhandlingers-4-runde\/","title":{"rendered":"Brexit forhandlingers 4.runde"},"content":{"rendered":"<p><img loading=\"lazy\" decoding=\"async\" src=\"https:\/\/df-nyt.dk\/wp-content\/uploads\/2016\/09\/060920160358.png\" alt=\"\" width=\"303\" height=\"53\"  \" \/><\/p>\n<p>Brexit forhandlingers 4.runde<br \/>\nTirsdag stemte Parlamentet om sin resolution om Brexitforhandlingerne. Skriver man i Margrete Aukens pressemeddelelse <\/p>\n<p>\u2013og forts\u00e6tter.<br \/>\nResolutionen st\u00f8tter linjen lagt af EU&#8217;s BREXIT-chefforhandler, Michel Barnier.<\/p>\n<p>Parlamentet mener at Storbritannien skal melde tydeligere ud hvad man vil g\u00f8re p\u00e5 den finansielle del, her har EU gjort det helt klart at Storbritannien skal betale hvad den engelske regering har forpligtet sig til tidligere, f\u00f8r resten af forhandlingerne kan forts\u00e6tte.<\/p>\n<p>Parlamentet kr\u00e6ver ogs\u00e5 at EU-borgere der lever i Storbritannien,<br \/>\nogs\u00e5 fremover skal nyde godt af de rettigheder der g\u00e6lder for EU-borgere i EU.<\/p>\n<p>Det samme skal g\u00e6lde for britiske statsborgere der bor i EU-27-landene.<br \/>\nOgs\u00e5 b\u00f8rn af de to grupper borgere skal have sikret deres rettigheder.<\/p>\n<p>Mht. Nord-Irland-problemet forlanger Parlamentet en afklaring fra den britiske regering af hvordan man vil h\u00e5ndtere gr\u00e6nsedragningen s\u00e5 Irland f\u00e5r f\u00e6rrest mulige ulemper af Storbritanniens eventuelle udtr\u00e6den af EU&#8217;s Indre Marked.<\/p>\n<p>Resolutionen er skrevet af Parlamentets styregruppe best\u00e5ende af 6 medlemmer af Parlamentet, heriblandt De Gr\u00f8nnes to form\u00e6nd i samarbejde, Philippe Lamberts og Ska Keller.<\/p>\n<p>For yderlig l\u00e6sning.<\/p>\n<p><a href=\"http:\/\/sf.dk\/\" target=\"_blank\" rel=\"noopener noreferrer\"><span style=\"text-decoration: underline\">\/sf.dk \/seneste-nyt<\/span><\/a><br \/>\n&nbsp;<br \/>\n<a href=\"http:\/\/greens-efa.eu\/\" target=\"_blank\" rel=\"noopener noreferrer\"><span style=\"text-decoration: underline\">Se den Gr\u00f8nne gruppe i parlamentet her<\/span><\/a><\/p>\n<hr \/>\n<p>Afstemningsresultat<br \/>\nRegeringslederne for EU27-landene b\u00f8r udskyde deres brexit-vurdering, n\u00e5r de m\u00f8des den 20. oktober, da der ikke er gjort &#8220;tilstr\u00e6kkelige fremskridt&#8221; p\u00e5 de tre hovedm\u00e5ls\u00e6tninger, medmindre der i l\u00f8bet af den femte runde af forhandlingerne om Storbritanniens udtr\u00e6delse af EU sker et afg\u00f8rende gennembrud, sl\u00e5s det fast i en beslutning vedtaget tirsdag med 557 stemmer for, 92 imod og 29 undladelser.<\/p>\n<p>Du kan l\u00e6se mere p\u00e5: <a href=\"http:\/\/europarl.europa.eu\/news\/da\/press-room\/20171002IPR85121\/brexit-stadig-behov-for-konkrete-fremskridt-pa-udtraedelsesbetingelserne\" target=\"_blank\" rel=\"noopener noreferrer\"><span style=\"text-decoration: underline\">Europarlamentet\/presserum<\/span><\/a><br \/>\n&nbsp;<\/p>\n","protected":false},"excerpt":{"rendered":"","protected":false},"author":10,"featured_media":0,"comment_status":"open","ping_status":"open","sticky":false,"template":"","format":"standard","meta":{"footnotes":""},"categories":[1],"tags":[],"class_list":["post-90947","post","type-post","status-publish","format-standard","hentry","category-df-nyt-dk"],"_links":{"self":[{"href":"https:\/\/df-nyt.dk\/blog\/wp-json\/wp\/v2\/posts\/90947","targetHints":{"allow":["GET"]}}],"collection":[{"href":"https:\/\/df-nyt.dk\/blog\/wp-json\/wp\/v2\/posts"}],"about":[{"href":"https:\/\/df-nyt.dk\/blog\/wp-json\/wp\/v2\/types\/post"}],"author":[{"embeddable":true,"href":"https:\/\/df-nyt.dk\/blog\/wp-json\/wp\/v2\/users\/10"}],"replies":[{"embeddable":true,"href":"https:\/\/df-nyt.dk\/blog\/wp-json\/wp\/v2\/comments?post=90947"}],"version-history":[{"count":2,"href":"https:\/\/df-nyt.dk\/blog\/wp-json\/wp\/v2\/posts\/90947\/revisions"}],"predecessor-version":[{"id":102320,"href":"https:\/\/df-nyt.dk\/blog\/wp-json\/wp\/v2\/posts\/90947\/revisions\/102320"}],"wp:attachment":[{"href":"https:\/\/df-nyt.dk\/blog\/wp-json\/wp\/v2\/media?parent=90947"}],"wp:term":[{"taxonomy":"category","embeddable":true,"href":"https:\/\/df-nyt.dk\/blog\/wp-json\/wp\/v2\/categories?post=90947"},{"taxonomy":"post_tag","embeddable":true,"href":"https:\/\/df-nyt.dk\/blog\/wp-json\/wp\/v2\/tags?post=90947"}],"curies":[{"name":"wp","href":"https:\/\/api.w.org\/{rel}","templated":true}]}}