{"id":9142,"date":"2010-09-12T11:47:52","date_gmt":"2010-09-12T10:47:52","guid":{"rendered":"http:\/\/df-nyt.dk\/?p=9142"},"modified":"2018-03-15T19:39:35","modified_gmt":"2018-03-15T18:39:35","slug":"liselott-blixt-jeg-vil-hermed-boycotte-dansk-supermarked","status":"publish","type":"post","link":"https:\/\/df-nyt.dk\/blog\/liselott-blixt-jeg-vil-hermed-boycotte-dansk-supermarked\/","title":{"rendered":"Liselott Blixt: Jeg vil hermed boycotte Dansk supermarked"},"content":{"rendered":"<p><strong>Liselott Blixt: Jeg vil hermed boycotte Dansk supermarked<\/strong><\/p>\n<p><a href=\"https:\/\/df-nyt.dk\/blog\/wp-content\/uploads\/100420132031.png\"><img loading=\"lazy\" decoding=\"async\" class=\"aligncenter size-full wp-image-49722\" src=\"https:\/\/df-nyt.dk\/blog\/wp-content\/uploads\/100420132031.png\" alt=\"100420132031\" width=\"522\" height=\"289\" srcset=\"https:\/\/df-nyt.dk\/blog\/wp-content\/uploads\/100420132031.png 522w, https:\/\/df-nyt.dk\/blog\/wp-content\/uploads\/100420132031-400x221.png 400w\" sizes=\"auto, (max-width: 522px) 100vw, 522px\" \/><\/a><\/p>\n<p>&nbsp;<br \/>\nOg det er jo ganske givet noget der g\u00f8r indtryk, at Liselott Blixt og Co. v\u00e6lger at k\u00f8be sine l\u00f8rdagskyllinger i f.eks. Brusen frem for i en af Dansk supermarkeds butikker.<\/p>\n<p>For det er nok spild af tid, at pr\u00f8ve at forklare konen, at en bog af den type har s\u00e5 smalt et publikum,<br \/>\nat oms\u00e6tnings-hastigheden kan blive s\u00e5 lav, &#8211; at jeg kunne komme til at sammenligne den,<br \/>\nmed opfattelsesevnen hos et typisk medlem af Dansk Folkeparti.<\/p>\n<p>Det er en kendsgerning, at netop Dansk folkepartis v\u00e6lgere, langt hen af vejen,<br \/>\nogs\u00e5 er den gruppe som l\u00e6ser f\u00e6rrest b\u00f8ger.<\/p>\n<p>S\u00e5 ud fra en rent forretningsm\u00e6ssig vurdering, s\u00e5 vil en s\u00e5dan type bog ikke v\u00e6re i stand til betale det,<br \/>\ndet koster at have den st\u00e5ende i en salgsreol.<\/p>\n<p><strong>Kommentar af:<\/strong><br \/>\nMargrethe Monika Hansen: Sp\u00e6ndende at en DF politikere \u00e5benlyst opfordre til boykot af en dansk supermarkeds-k\u00e6de. &#8211;\u00a0<strong>Gadvide hvad Esplanaden siger til det :-)<\/strong><\/p>\n<p>Hyklerisk er det jo ogs\u00e5, for netop flere politikere fra DF havde meget imod boykot af danske vare under muhammedkrisen, og de har ogs\u00e5 v\u00e6ret modstandere af boykot af Israel.<\/p>\n<p>&nbsp;<br \/>\n<strong>For yderlig l\u00e6sning.<\/strong><\/p>\n<p><a href=\"http:\/\/df-nyt.dk\/?p=9052\"><strong><span style=\"text-decoration: underline;\">Tina Petersen: Sensur af v\u00e6rste skuffe\u2026 &gt;&gt; Se det HER &lt;&lt;<\/span><\/strong><\/a><\/p>\n<p><strong>*********<\/strong><br \/>\n&nbsp;<\/p>\n","protected":false},"excerpt":{"rendered":"<p>Liselott Blixt: Jeg vil hermed boycotte Dansk supermarked &nbsp; Og det er jo ganske givet noget der g\u00f8r indtryk, at Liselott Blixt og Co. v\u00e6lger at k\u00f8be sine l\u00f8rdagskyllinger i f.eks. Brusen frem for i en af Dansk supermarkeds butikker. For det er nok spild af tid, at pr\u00f8ve at forklare konen, at en bog [&hellip;]<\/p>\n","protected":false},"author":10,"featured_media":0,"comment_status":"open","ping_status":"closed","sticky":false,"template":"","format":"standard","meta":{"footnotes":""},"categories":[1],"tags":[],"class_list":["post-9142","post","type-post","status-publish","format-standard","hentry","category-df-nyt-dk"],"_links":{"self":[{"href":"https:\/\/df-nyt.dk\/blog\/wp-json\/wp\/v2\/posts\/9142","targetHints":{"allow":["GET"]}}],"collection":[{"href":"https:\/\/df-nyt.dk\/blog\/wp-json\/wp\/v2\/posts"}],"about":[{"href":"https:\/\/df-nyt.dk\/blog\/wp-json\/wp\/v2\/types\/post"}],"author":[{"embeddable":true,"href":"https:\/\/df-nyt.dk\/blog\/wp-json\/wp\/v2\/users\/10"}],"replies":[{"embeddable":true,"href":"https:\/\/df-nyt.dk\/blog\/wp-json\/wp\/v2\/comments?post=9142"}],"version-history":[{"count":0,"href":"https:\/\/df-nyt.dk\/blog\/wp-json\/wp\/v2\/posts\/9142\/revisions"}],"wp:attachment":[{"href":"https:\/\/df-nyt.dk\/blog\/wp-json\/wp\/v2\/media?parent=9142"}],"wp:term":[{"taxonomy":"category","embeddable":true,"href":"https:\/\/df-nyt.dk\/blog\/wp-json\/wp\/v2\/categories?post=9142"},{"taxonomy":"post_tag","embeddable":true,"href":"https:\/\/df-nyt.dk\/blog\/wp-json\/wp\/v2\/tags?post=9142"}],"curies":[{"name":"wp","href":"https:\/\/api.w.org\/{rel}","templated":true}]}}