{"id":9163,"date":"2010-09-13T06:49:11","date_gmt":"2010-09-13T05:49:11","guid":{"rendered":"http:\/\/df-nyt.dk\/?p=9163"},"modified":"2024-10-24T21:05:22","modified_gmt":"2024-10-24T19:05:22","slug":"jozef-krzeminski-en-fantastisk-dag-pa-trykkerfihedsselskabets-konference-om-humor-og-ytringsfrihed","status":"publish","type":"post","link":"https:\/\/df-nyt.dk\/blog\/jozef-krzeminski-en-fantastisk-dag-pa-trykkerfihedsselskabets-konference-om-humor-og-ytringsfrihed\/","title":{"rendered":"Jozef Krzeminski: En fantastisk dag p\u00e5 Trykkerfihedsselskabets konference om humor og ytringsfrihed"},"content":{"rendered":"<p>N\u00e6rl\u00e6s indl\u00e6ggets tekst og se s\u00e5, om du noget sted kan finde ord som antyder, at man er f\u00f8lelsesm\u00e6ssigt ber\u00f8rt af tragedien den 11. september 2001.<\/p>\n<p><img loading=\"lazy\" decoding=\"async\" class=\"alignnone  \" src=\"https:\/\/df-nyt.dk\/\/wp-content\/uploads\/2010\/09\/1309201007582.png\" alt=\"\" width=\"301\" height=\"165\" \/><\/p>\n<p>Hvorfor skulle der g\u00e5 9 \u00e5r f\u00f8r man blev overv\u00e6ldet af sorg,<br \/>\nog derfor fandt anledning til at mindes denne dag?<\/p>\n<p>L\u00e6g m\u00e6rke til: Man bruger et ord som &#8220;k\u00e6mpede&#8221;, i teksten.<br \/>\nMan siger: det var mindst lige s\u00e5 vigtigt at vise flaget ved USA ambasade -s\u00e5 &#8230;<\/p>\n<p>Man siger: hvad synes du om min datters motivationstale til Steyn?<br \/>\nNoter: Mark Steyn, fik\u00a0i forl\u00e6ngelse af konferencen\u00a0trykkefrihedsselskabets &#8216;Sappho-pris&#8217;.<\/p>\n<p><img loading=\"lazy\" decoding=\"async\" class=\"alignnone  \" src=\"https:\/\/df-nyt.dk\/\/wp-content\/uploads\/Claudia-Laura-Holm.png\" alt=\"Claudia Laura Holm\" width=\"500\" height=\"216\" \/><\/p>\n<p>Birthes datter, Claudia Laura Holm\u00a0har v\u00e6ret opstillet til byr\u00e5dsvalget i 2005. for Dansk Folkeparti.<\/p>\n<p><img loading=\"lazy\" decoding=\"async\" class=\"alignnone size-full \" src=\"https:\/\/df-nyt.dk\/\/wp-content\/uploads\/1309201023111.png\" alt=\"130920102311\" width=\"490\" height=\"329\" \/><\/p>\n<p><img loading=\"lazy\" decoding=\"async\" class=\"aligncenter size-full \" src=\"https:\/\/df-nyt.dk\/\/wp-content\/uploads\/1309201007371.png\" alt=\"130920100737\" width=\"526\" height=\"806\" \/><\/p>\n<p>Reference<br \/>\nScreen-dump FaceBook public.<\/p>\n<p>For yderlig l\u00e6sning.<\/p>\n<p><a href=\"https:\/\/df-nyt.dk\/?p=9083\/\" target=\"_blank\" rel=\"noopener noreferrer\"><span style=\"text-decoration: underline;\">En lille latterlig flok tilh\u00e6ngere af Anders Gravers og Co.L\u00e6s det HER<\/span> <\/a><br \/>\n&nbsp;<br \/>\n<a href=\"https:\/\/df-nyt.dk\/?p=24302\/\" target=\"_blank\" rel=\"noopener noreferrer\"><span style=\"text-decoration: underline;\">Birthe-Hedegaard-Holm-Hvorfor-udebliver-den-borgerkrig-L\u00e6s-det-HER<\/span><\/a><br \/>\n&nbsp;<br \/>\n<a href=\"https:\/\/df-nyt.dk\/?p=26094\/\" target=\"_blank\" rel=\"noopener noreferrer\"><span style=\"text-decoration: underline;\">Hjemmeside-for-Stop-islamiseringen-af-Europa-SIOE-lukket<\/span><\/a><\/p>\n","protected":false},"excerpt":{"rendered":"<p>N\u00e6rl\u00e6s indl\u00e6ggets tekst og se s\u00e5, om du noget sted kan finde ord som antyder, at man er f\u00f8lelsesm\u00e6ssigt ber\u00f8rt af tragedien den 11. september 2001. Hvorfor skulle der g\u00e5 9 \u00e5r f\u00f8r man blev overv\u00e6ldet af sorg, og derfor fandt anledning til at mindes denne dag? L\u00e6g m\u00e6rke til: Man bruger et ord som [&hellip;]<\/p>\n","protected":false},"author":10,"featured_media":0,"comment_status":"open","ping_status":"closed","sticky":false,"template":"","format":"standard","meta":{"footnotes":""},"categories":[1],"tags":[],"class_list":["post-9163","post","type-post","status-publish","format-standard","hentry","category-df-nyt-dk"],"_links":{"self":[{"href":"https:\/\/df-nyt.dk\/blog\/wp-json\/wp\/v2\/posts\/9163","targetHints":{"allow":["GET"]}}],"collection":[{"href":"https:\/\/df-nyt.dk\/blog\/wp-json\/wp\/v2\/posts"}],"about":[{"href":"https:\/\/df-nyt.dk\/blog\/wp-json\/wp\/v2\/types\/post"}],"author":[{"embeddable":true,"href":"https:\/\/df-nyt.dk\/blog\/wp-json\/wp\/v2\/users\/10"}],"replies":[{"embeddable":true,"href":"https:\/\/df-nyt.dk\/blog\/wp-json\/wp\/v2\/comments?post=9163"}],"version-history":[{"count":2,"href":"https:\/\/df-nyt.dk\/blog\/wp-json\/wp\/v2\/posts\/9163\/revisions"}],"predecessor-version":[{"id":105672,"href":"https:\/\/df-nyt.dk\/blog\/wp-json\/wp\/v2\/posts\/9163\/revisions\/105672"}],"wp:attachment":[{"href":"https:\/\/df-nyt.dk\/blog\/wp-json\/wp\/v2\/media?parent=9163"}],"wp:term":[{"taxonomy":"category","embeddable":true,"href":"https:\/\/df-nyt.dk\/blog\/wp-json\/wp\/v2\/categories?post=9163"},{"taxonomy":"post_tag","embeddable":true,"href":"https:\/\/df-nyt.dk\/blog\/wp-json\/wp\/v2\/tags?post=9163"}],"curies":[{"name":"wp","href":"https:\/\/api.w.org\/{rel}","templated":true}]}}