{"id":91642,"date":"2017-10-17T14:07:54","date_gmt":"2017-10-17T12:07:54","guid":{"rendered":"http:\/\/df-nyt.dk\/?p=91642"},"modified":"2024-02-07T05:46:59","modified_gmt":"2024-02-07T04:46:59","slug":"en-groen-start-paa-dagen","status":"publish","type":"post","link":"https:\/\/df-nyt.dk\/blog\/en-groen-start-paa-dagen\/","title":{"rendered":"En gr\u00f8n start p\u00e5 dagen"},"content":{"rendered":"<p><img loading=\"lazy\" decoding=\"async\" class=\"alignnone\" src=\"https:\/\/df-nyt.dk\/wp-content\/uploads\/2016\/09\/060920160358.png\" alt=\"\" width=\"303\" height=\"53\" \"\/><\/p>\n<p>En gr\u00f8n start p\u00e5 dagen<br \/>\nTirsdag morgen kom partiformanden for De Gr\u00f8nne i Finland forbi til morgenmad hos Den Gr\u00f8nne gruppe. Skriver man i Margrete Aukens pressemeddelelse <\/p>\n<p>\u2013og forts\u00e6tter<br \/>\n<img loading=\"lazy\" decoding=\"async\" class=\"alignleft size-full \" src=\"https:\/\/df-nyt.dk\/wp-content\/uploads\/2017\/10\/171020171405.png\" alt=\"\" width=\"123\" height=\"88\" \/><\/p>\n<p>Partiet er i \u00f8jeblikket det n\u00e6stst\u00f8rste oppositionsparti i Finland med 15 pladser i parlamentet, og if\u00f8lge de seneste meningsm\u00e5linger st\u00e5r De Gr\u00f8nne til at blive Finlands tredjest\u00f8rste parti med hele 16,6% af v\u00e6lgernes stemmer.<\/p>\n<p>Omend hvert medlemslandenes politiske virkelighed er forskellig, er det altid inspirerende at lytte til Europ\u00e6iske kollegaer, SFs partitop kommer ogs\u00e5 og bes\u00f8ger de Gr\u00f8nne i Parlamentet til januar.<\/p>\n<p>Dels er det en god mulighed for at udveksle nationale erfaringer, dels og is\u00e6r er det v\u00e6sentligt at de nationale partier m\u00f8der dem af os, der hver eneste dag varetager f\u00e6lles gr\u00f8nne interesser i Parlamentet.<\/p>\n<p>L\u00f8sningerne p\u00e5 Europas komplekse problemer skal findes b\u00e5de p\u00e5 Europ\u00e6isk- og nationalt niveau.<\/p>\n<p>For yderlig l\u00e6sning<\/p>\n<p><a href=\"https:\/\/sf.dk\" rel=\"noopener noreferrer\" target=\"_blank\"><span style=\"text-decoration: underline\">Seneste nyt fra SF<\/span><\/a><br \/>\n&nbsp;<br \/>\n<a href=\"https:\/\/greens-efa.eu\/en\/\" target=\"_blank\" rel=\"noopener noreferrer\"><span style=\"text-decoration: underline;\">Se den Gr\u00f8nne gruppe i parlamentet her<\/span><\/a><br \/>\n&nbsp;<\/p>\n","protected":false},"excerpt":{"rendered":"","protected":false},"author":10,"featured_media":0,"comment_status":"open","ping_status":"open","sticky":false,"template":"","format":"standard","meta":{"footnotes":""},"categories":[1],"tags":[],"class_list":["post-91642","post","type-post","status-publish","format-standard","hentry","category-df-nyt-dk"],"_links":{"self":[{"href":"https:\/\/df-nyt.dk\/blog\/wp-json\/wp\/v2\/posts\/91642","targetHints":{"allow":["GET"]}}],"collection":[{"href":"https:\/\/df-nyt.dk\/blog\/wp-json\/wp\/v2\/posts"}],"about":[{"href":"https:\/\/df-nyt.dk\/blog\/wp-json\/wp\/v2\/types\/post"}],"author":[{"embeddable":true,"href":"https:\/\/df-nyt.dk\/blog\/wp-json\/wp\/v2\/users\/10"}],"replies":[{"embeddable":true,"href":"https:\/\/df-nyt.dk\/blog\/wp-json\/wp\/v2\/comments?post=91642"}],"version-history":[{"count":2,"href":"https:\/\/df-nyt.dk\/blog\/wp-json\/wp\/v2\/posts\/91642\/revisions"}],"predecessor-version":[{"id":102317,"href":"https:\/\/df-nyt.dk\/blog\/wp-json\/wp\/v2\/posts\/91642\/revisions\/102317"}],"wp:attachment":[{"href":"https:\/\/df-nyt.dk\/blog\/wp-json\/wp\/v2\/media?parent=91642"}],"wp:term":[{"taxonomy":"category","embeddable":true,"href":"https:\/\/df-nyt.dk\/blog\/wp-json\/wp\/v2\/categories?post=91642"},{"taxonomy":"post_tag","embeddable":true,"href":"https:\/\/df-nyt.dk\/blog\/wp-json\/wp\/v2\/tags?post=91642"}],"curies":[{"name":"wp","href":"https:\/\/api.w.org\/{rel}","templated":true}]}}