{"id":9205,"date":"2010-09-13T17:19:40","date_gmt":"2010-09-13T16:19:40","guid":{"rendered":"http:\/\/df-nyt.dk\/?p=9205"},"modified":"2025-07-07T17:33:39","modified_gmt":"2025-07-07T15:33:39","slug":"danmark-er-ikke-frifundet-romasag","status":"publish","type":"post","link":"https:\/\/df-nyt.dk\/blog\/danmark-er-ikke-frifundet-romasag\/","title":{"rendered":"Danmark er ikke frifundet i romasag"},"content":{"rendered":"<p>Selv om det i sidste time lykkedes Jens Rohde at f\u00e5 bremset at Danmark direkte n\u00e6vnes i Romaresolutionen, er kritikken stadig med.<\/p>\n<p>I sidste uge vedtog Europaparlamentet en f\u00e6lles resolution, der udtrykker dyb bekymring over den behandling, romaerne uds\u00e6ttes for i Europa; blandt andet henvises der til masseudvisningerne i Frankrig og den populistiske og racistiske tone, som har domineret den politiske debat om romaerne. Skriver SF i sin pressemeddelelse<br \/>\n\u2013 og fors\u00e6tter<br \/>\nRetten til fri bev\u00e6gelighed g\u00e6lder alle EU-borgere, heriblandt romaerne. Men selv om Jens Rohde fik pillet Danmark ud af resolutionen i sidste time, er det ikke ensbetydende med at Danmark er frifundet.<\/p>\n<p>S\u00e5 l\u00e6nge det ikke er dokumenteret, at der har foreligget en individuel begrundelse for de romaer, der hen over sommeren er blevet udvist fra Danmark, s\u00e5 l\u00e6nge vil der v\u00e6re en mistanke om at Danmark har lagt sig i Frankrigs slipstr\u00f8m.<\/p>\n<p><img loading=\"lazy\" decoding=\"async\" class=\"size-full alignleft\" title=\"130920101815\" src=\"https:\/\/df-nyt.dk\/blog\/wp-content\/uploads\/130920101815.png\" alt=\"\" width=\"160\" height=\"107\" \/><\/p>\n<p>Dertil kommer, at b\u00e5de FN og Europar\u00e5det har kritiseret Danmarks behandling af romaer.<br \/>\nVi h\u00e5ber derfor, at Kommissionen vil f\u00f8lge op p\u00e5 kritikken af samtlige europ\u00e6iske lande, og det ville kl\u00e6de Lars Barfoed med en omhyggelig redeg\u00f8relse for de danske udvisninger, s\u00e5 vi forh\u00e5bentligt kan f\u00e5 afkr\u00e6ftet vores v\u00e6rste bekymring. Skriver SF i pressemeddelelsen.<\/p>\n<p><a href=\"http:\/\/www.europarl.europa.eu\/sides\/getDoc.do?pubRef=-\/\/EP\/\/TEXT+TA+P7-TA-2010-0312+0+DOC+XML+V0\/\/DA&amp;language=DA\">L\u00e6s den endelige resolution her<\/a><\/p>\n<p>EU har vedtaget en resolution, der kritiserer Frankrigs masseudvisninger af romaer hen over sommeren. Danmark var p\u00e5 et tidspunkt ogs\u00e5 i skudlinjen for at f\u00e5 kritik, fordi vi udviste 23 romaer i sommers.<\/p>\n<p>L\u00e6s ogs\u00e5: Hjorth misbruger EU, det er ikke EU, der kr\u00e6ver, at Danmark svinger sparekniven <a href=\"https:\/\/df-nyt.dk:80\/?p=9189\"> L\u00e6s det DER <\/a><\/p>\n","protected":false},"excerpt":{"rendered":"<p>Selv om det i sidste time lykkedes Jens Rohde at f\u00e5 bremset at Danmark direkte n\u00e6vnes i Romaresolutionen, er kritikken stadig med. I sidste uge vedtog Europaparlamentet en f\u00e6lles resolution, der udtrykker dyb bekymring over den behandling, romaerne uds\u00e6ttes for i Europa; blandt andet henvises der til masseudvisningerne i Frankrig og den populistiske og racistiske [&hellip;]<\/p>\n","protected":false},"author":10,"featured_media":0,"comment_status":"open","ping_status":"closed","sticky":false,"template":"","format":"standard","meta":{"footnotes":""},"categories":[1],"tags":[],"class_list":["post-9205","post","type-post","status-publish","format-standard","hentry","category-df-nyt-dk"],"_links":{"self":[{"href":"https:\/\/df-nyt.dk\/blog\/wp-json\/wp\/v2\/posts\/9205","targetHints":{"allow":["GET"]}}],"collection":[{"href":"https:\/\/df-nyt.dk\/blog\/wp-json\/wp\/v2\/posts"}],"about":[{"href":"https:\/\/df-nyt.dk\/blog\/wp-json\/wp\/v2\/types\/post"}],"author":[{"embeddable":true,"href":"https:\/\/df-nyt.dk\/blog\/wp-json\/wp\/v2\/users\/10"}],"replies":[{"embeddable":true,"href":"https:\/\/df-nyt.dk\/blog\/wp-json\/wp\/v2\/comments?post=9205"}],"version-history":[{"count":7,"href":"https:\/\/df-nyt.dk\/blog\/wp-json\/wp\/v2\/posts\/9205\/revisions"}],"predecessor-version":[{"id":108737,"href":"https:\/\/df-nyt.dk\/blog\/wp-json\/wp\/v2\/posts\/9205\/revisions\/108737"}],"wp:attachment":[{"href":"https:\/\/df-nyt.dk\/blog\/wp-json\/wp\/v2\/media?parent=9205"}],"wp:term":[{"taxonomy":"category","embeddable":true,"href":"https:\/\/df-nyt.dk\/blog\/wp-json\/wp\/v2\/categories?post=9205"},{"taxonomy":"post_tag","embeddable":true,"href":"https:\/\/df-nyt.dk\/blog\/wp-json\/wp\/v2\/tags?post=9205"}],"curies":[{"name":"wp","href":"https:\/\/api.w.org\/{rel}","templated":true}]}}