{"id":9277,"date":"2010-09-15T09:39:20","date_gmt":"2010-09-15T08:39:20","guid":{"rendered":"http:\/\/df-nyt.dk\/?p=9277"},"modified":"2025-07-07T17:28:25","modified_gmt":"2025-07-07T15:28:25","slug":"r-vestager-klassens-time-pa-kildevaeldsskolen-og-nordvest-integration","status":"publish","type":"post","link":"https:\/\/df-nyt.dk\/blog\/r-vestager-klassens-time-pa-kildevaeldsskolen-og-nordvest-integration\/","title":{"rendered":"R: Vestager i klassens time p\u00e5 Kildev\u00e6ldsskolen og i Nordvest for integration"},"content":{"rendered":"<p>R: Vestager i klassens time p\u00e5 Kildev\u00e6ldsskolen og i Nordvest for integration<br \/>\nVestager i K\u00f8benhavn som en del af en st\u00f8rre landsturn\u00e9.<\/p>\n<p>Her vil hun sammen med det radikale folketingsmedlem Anne Marie Geisler Andersen og radikale folketingskandidater i hovedstaden undervise i klassens time p\u00e5 Kildev\u00e6ldsskolen p\u00e5 \u00d8sterbro og bes\u00f8ge Integrationshuset Kringlebakken med den radikale borgmester Klaus Bondam. Pressen er velkommen hele dagen. Skriver Det Radikale Venstre i deres pressemeddelelse <\/p>\n<p>&#8211; Og forts\u00e6tter med f\u00f8lgende.<br \/>\nDer bliver omdelt over en kvart million foldere.<br \/>\nDer h\u00e6nger plakater over alt i landet.<\/p>\n<p>Margrethe Vestager optr\u00e6der med videoer p\u00e5 landets st\u00f8rste nyhedssites. Der er med andre ord fuld damp p\u00e5 den st\u00f8rste radikale kampagne, som nogensinde har v\u00e6ret lanceret uden for en valgkamp.<\/p>\n<p>To af Radikale Venstres m\u00e6rkesager i kampagnen er uddannelse og udl\u00e6ndingepolitik, og derfor vil Margrethe Vestager som en del af en st\u00f8rre landsturn\u00e9 bes\u00f8ge Kildev\u00e6ldsskolen p\u00e5 \u00d8sterbro og Integrationshuset Kringlebakken i Nordvest.<\/p>\n<p>Dagen starter tidligt nemlig kl. 07.30 med uddeling af kampagnemateriale ved Islands Brygge Metrostation sammen med radikale folketingskandidater og Margrethe Wivel, radikalt medlem af Borgerrep\u00e6sentationen i K\u00f8benhavn.<\/p>\n<p>Fra kl. 09.45 og to timer frem vil Margrethe Vestager og den radikale folketingskandidat Christian Holm Donatzky bes\u00f8ge Kildev\u00e6ldsskolen (\/\/www.kildevaeld.kk.dk:80\/&#8221; &#8211; www.kildevaeld.kk.dk) hvor de vil tale med 5.A.<\/p>\n<p>5. klasserne p\u00e5 Kildev\u00e6ldsskolen har siden april v\u00e6ret med i Dansk Flygtningehj\u00e6lps pilotprojekt &#8220;B\u00f8rn af krig og fred&#8221;.<\/p>\n<p>Projektets m\u00e5l er at styrke b\u00f8rn i udsatte traumatiserede flygtningefamilier, s\u00e5 de f\u00e5r personlige, faglige og sociale kompetencer til en vellykket skolegang &#8211; og samlet set til en bedre trivsel.<\/p>\n<p>Fra kl. 13.00 til 15.30 vil Margrethe Vestager og besk\u00e6ftigelses- og integrationsborgmester Klaus Bondam m\u00f8de kvinderne og pigerne p\u00e5 Kringlebakken, der er et integrationshus, som bl.a. hj\u00e6lper kvinder med anden etnisk baggrund end dansk med at f\u00e5 kendskab til det danske samfund, med at finde arbejde og venner og l\u00e6re dansk.<\/p>\n<p>Pressen er velkommen.<br \/>\nL\u00f8rdag fra 11.00 til 13.00, kan du ogs\u00e5 finde Margrethe Vestager og hovedstadens andre radikale, blandt andre folketingskandidat Manu Sareen i Indre By, hvor du over en kop kaffe eller the, kan diskutere partiets politiske m\u00e6rkesager.<\/p>\n<p>Du kan l\u00e6se mere om Radikale Venstres landsd\u00e6kkende kampagne og de radikale m\u00e6rkesager p\u00e5 hjemmesiden: \/\/www.radikale.dk&#8221;  Skriver, Det Radikale Venstre i deres pressemeddelelse.<\/p>\n","protected":false},"excerpt":{"rendered":"<p>R: Vestager i klassens time p\u00e5 Kildev\u00e6ldsskolen og i Nordvest for integration Vestager i K\u00f8benhavn som en del af en st\u00f8rre landsturn\u00e9. Her vil hun sammen med det radikale folketingsmedlem Anne Marie Geisler Andersen og radikale folketingskandidater i hovedstaden undervise i klassens time p\u00e5 Kildev\u00e6ldsskolen p\u00e5 \u00d8sterbro og bes\u00f8ge Integrationshuset Kringlebakken med den radikale borgmester [&hellip;]<\/p>\n","protected":false},"author":10,"featured_media":0,"comment_status":"open","ping_status":"closed","sticky":false,"template":"","format":"standard","meta":{"footnotes":""},"categories":[1],"tags":[],"class_list":["post-9277","post","type-post","status-publish","format-standard","hentry","category-df-nyt-dk"],"_links":{"self":[{"href":"https:\/\/df-nyt.dk\/blog\/wp-json\/wp\/v2\/posts\/9277","targetHints":{"allow":["GET"]}}],"collection":[{"href":"https:\/\/df-nyt.dk\/blog\/wp-json\/wp\/v2\/posts"}],"about":[{"href":"https:\/\/df-nyt.dk\/blog\/wp-json\/wp\/v2\/types\/post"}],"author":[{"embeddable":true,"href":"https:\/\/df-nyt.dk\/blog\/wp-json\/wp\/v2\/users\/10"}],"replies":[{"embeddable":true,"href":"https:\/\/df-nyt.dk\/blog\/wp-json\/wp\/v2\/comments?post=9277"}],"version-history":[{"count":4,"href":"https:\/\/df-nyt.dk\/blog\/wp-json\/wp\/v2\/posts\/9277\/revisions"}],"predecessor-version":[{"id":108736,"href":"https:\/\/df-nyt.dk\/blog\/wp-json\/wp\/v2\/posts\/9277\/revisions\/108736"}],"wp:attachment":[{"href":"https:\/\/df-nyt.dk\/blog\/wp-json\/wp\/v2\/media?parent=9277"}],"wp:term":[{"taxonomy":"category","embeddable":true,"href":"https:\/\/df-nyt.dk\/blog\/wp-json\/wp\/v2\/categories?post=9277"},{"taxonomy":"post_tag","embeddable":true,"href":"https:\/\/df-nyt.dk\/blog\/wp-json\/wp\/v2\/tags?post=9277"}],"curies":[{"name":"wp","href":"https:\/\/api.w.org\/{rel}","templated":true}]}}