{"id":9292,"date":"2010-09-15T11:05:09","date_gmt":"2010-09-15T10:05:09","guid":{"rendered":"http:\/\/df-nyt.dk\/?p=9292"},"modified":"2026-02-14T05:25:42","modified_gmt":"2026-02-14T04:25:42","slug":"birthe-r%c3%b8nn-ma-begrunde-ny-praksis-udvisninger","status":"publish","type":"post","link":"https:\/\/df-nyt.dk\/blog\/birthe-r%c3%b8nn-ma-begrunde-ny-praksis-udvisninger\/","title":{"rendered":"Birthe R\u00f8nn m\u00e5 begrunde ny praksis for udvisninger"},"content":{"rendered":"<p>Information skriver i dag, at Udl\u00e6ndingeservice tilsynelandende har \u00e6ndret praksis om udvisning af<br \/>\nEU-borgere &#8211; det viser sagen om udvisninge af Romaer for husfredskr\u00e6nkelser.<\/p>\n<p><strong><a href=\"https:\/\/df-nyt.dk\/blog\/wp-content\/uploads\/270420131918.png\"><img loading=\"lazy\" decoding=\"async\" class=\"alignleft size-full wp-image-50294\" src=\"https:\/\/df-nyt.dk\/blog\/wp-content\/uploads\/270420131918.png\" alt=\"270420131918\" width=\"133\" height=\"133\" \/><\/a><\/strong>SF&#8217;s Astrid Krag kr\u00e6ver redeg\u00f8re for Udl\u00e6ndingeservices praksis, ifm. udvisninger af EU-borgere.<\/p>\n<p>Det er typisk for regeringen, at \u00e6ndringer i praksis og politik er noget, som helst skal foreg\u00e5 ford\u00e6kt og uden debat.<\/p>\n<p>Det ville kl\u00e6de Birthe R\u00f8nn Hornbech offentligt at st\u00e5 ved, n\u00e5r Udl\u00e6ndingeservice \u00e6ndrer praksis.<\/p>\n<p>Det burde v\u00e6re det mindste man kunne forvente.<\/p>\n<p>Jeg kan ikke vurdere de enkelte sager, men det er n\u00f8dvendigt, at vi kender praksis, s\u00e5 det er et oplyst grundlag vi diskuterer p\u00e5.<\/p>\n<p>For enten har Udl\u00e6ndingeservice \u00e6ndret praksis, eller ogs\u00e5 kan styrelsen ikke finde ud af at f\u00f8lge sin egen praksis.&#8221;<\/p>\n<p>Baggrunden er, at Information har set et notat om udvisninger i forbindelse med klimatopm\u00f8det, hvor formuleringerne tilsynelandende ikke stemmer oversens med Udl\u00e6ndingeservices nylige afg\u00f8relser.<\/p>\n<p>&#8220;Jeg har bedt ministeren om en redeg\u00f8relse for praksis og for, om den har \u00e6ndret sig siden klimatopm\u00f8det.<\/p>\n<p>Udvisning af EU-borgere er et emne, som er blevet diskuteret meget.<\/p>\n<p>Det bliver ikke mindre fremover. Jeg vil gerne have, at det sker p\u00e5 et grundlag, hvor alle ved, hvad vi rent faktisk taler om.<\/p>\n<p>Hvad er den g\u00e6ldende retstilstand p\u00e5 omr\u00e5det? Derfor har jeg bedt ministeren om en redeg\u00f8relse&#8221; Skriver SF i en pressemeddelse.<\/p>\n<p>Du kan l\u00e6se mere fra SF\u00a0<a href=\"http:\/\/www.sf.dk\/\">HER<\/a><\/p>\n<p>&nbsp;<\/p>\n","protected":false},"excerpt":{"rendered":"<p>Information skriver i dag, at Udl\u00e6ndingeservice tilsynelandende har \u00e6ndret praksis om udvisning af EU-borgere &#8211; det viser sagen om udvisninge af Romaer for husfredskr\u00e6nkelser. SF&#8217;s Astrid Krag kr\u00e6ver redeg\u00f8re for Udl\u00e6ndingeservices praksis, ifm. udvisninger af EU-borgere. Det er typisk for regeringen, at \u00e6ndringer i praksis og politik er noget, som helst skal foreg\u00e5 ford\u00e6kt og [&hellip;]<\/p>\n","protected":false},"author":10,"featured_media":0,"comment_status":"open","ping_status":"closed","sticky":false,"template":"","format":"standard","meta":{"footnotes":""},"categories":[1],"tags":[],"class_list":["post-9292","post","type-post","status-publish","format-standard","hentry","category-df-nyt-dk"],"_links":{"self":[{"href":"https:\/\/df-nyt.dk\/blog\/wp-json\/wp\/v2\/posts\/9292","targetHints":{"allow":["GET"]}}],"collection":[{"href":"https:\/\/df-nyt.dk\/blog\/wp-json\/wp\/v2\/posts"}],"about":[{"href":"https:\/\/df-nyt.dk\/blog\/wp-json\/wp\/v2\/types\/post"}],"author":[{"embeddable":true,"href":"https:\/\/df-nyt.dk\/blog\/wp-json\/wp\/v2\/users\/10"}],"replies":[{"embeddable":true,"href":"https:\/\/df-nyt.dk\/blog\/wp-json\/wp\/v2\/comments?post=9292"}],"version-history":[{"count":1,"href":"https:\/\/df-nyt.dk\/blog\/wp-json\/wp\/v2\/posts\/9292\/revisions"}],"predecessor-version":[{"id":111820,"href":"https:\/\/df-nyt.dk\/blog\/wp-json\/wp\/v2\/posts\/9292\/revisions\/111820"}],"wp:attachment":[{"href":"https:\/\/df-nyt.dk\/blog\/wp-json\/wp\/v2\/media?parent=9292"}],"wp:term":[{"taxonomy":"category","embeddable":true,"href":"https:\/\/df-nyt.dk\/blog\/wp-json\/wp\/v2\/categories?post=9292"},{"taxonomy":"post_tag","embeddable":true,"href":"https:\/\/df-nyt.dk\/blog\/wp-json\/wp\/v2\/tags?post=9292"}],"curies":[{"name":"wp","href":"https:\/\/api.w.org\/{rel}","templated":true}]}}