{"id":9382,"date":"2010-09-16T13:44:19","date_gmt":"2010-09-16T12:44:19","guid":{"rendered":"http:\/\/df-nyt.dk\/?p=9382"},"modified":"2024-10-09T23:27:09","modified_gmt":"2024-10-09T21:27:09","slug":"antimuslim-formand-braend-koranen","status":"publish","type":"post","link":"https:\/\/df-nyt.dk\/blog\/antimuslim-formand-braend-koranen\/","title":{"rendered":"Antimuslim-formand: Br\u00e6nd Koranen"},"content":{"rendered":"<p><img loading=\"lazy\" decoding=\"async\" class=\"alignnone size-full\" title=\"160920101434\" src=\"https:\/\/df-nyt.dk\/\/wp-content\/uploads\/160920101434.png\" width=\"161\" height=\"144\" \/><\/p>\n<p>Formanden for den antimuslimske forening Stop Islamiseringen af Danmark og Europa, Anders Gravers taler med to tunger, n\u00e5r han i pressen tager afstand fra Koran afbr\u00e6nding, samtidigt med at han p\u00e5 sin egen forenings hjemmeside opfordre sine tilh\u00e6ngere til det modsatte. Skriver <a href=\"http:\/\/p77.dk\/demokrati\/73-frihed-a-demokrati\/314-antimuslim-formand-braend-koranen\" target=\"_blank\" rel=\"noopener noreferrer\"><span style=\"text-decoration: underline\">Netmagasinet P77.dk \/\/p77.dk<\/span><\/a>.<\/p>\n<p>Og slutter med f\u00f8lgende<br \/>\nNetmagasinet P77.dk kan i dag afsl\u00f8re at Anders Gravers, taler med to tunger, siger et i pressen og noget andet p\u00e5 Stop Islamiseringen af Danmarks hjemmeside.<\/p>\n<p>&#8211; <em>Man kunne jo br\u00e6nde en koran af for hvert dansk flag, som blev br\u00e6ndt af under Muhammedkrisen<\/em>  Stop Islamiseringen af Danmarks hjemmeside marts 2010\u00a0&#8211; If\u00f8lge Netmagasinet P77.dk \/\/p77.dk<\/p>\n<p>Reference<br \/>\n<a href=\"http:\/\/p77.dk\/demokrati\/73-frihed-a-demokrati\/314-antimuslim-formand-braend-koranen\" rel=\"noopener noreferrer\" target=\"_blank\"><span style=\"text-decoration: underline;\">Netmagasinet P77.dk \/\/p77.dk\/demokrati\/frihed-a-demokrati\/antimuslim-formand-braend-koranen<\/span><\/a><br \/>\n&nbsp;<\/p>\n","protected":false},"excerpt":{"rendered":"<p>Formanden for den antimuslimske forening Stop Islamiseringen af Danmark og Europa, Anders Gravers taler med to tunger, n\u00e5r han i pressen tager afstand fra Koran afbr\u00e6nding, samtidigt med at han p\u00e5 sin egen forenings hjemmeside opfordre sine tilh\u00e6ngere til det modsatte. Skriver Netmagasinet P77.dk \/\/p77.dk. Og slutter med f\u00f8lgende Netmagasinet P77.dk kan i dag afsl\u00f8re [&hellip;]<\/p>\n","protected":false},"author":10,"featured_media":0,"comment_status":"open","ping_status":"closed","sticky":false,"template":"","format":"standard","meta":{"footnotes":""},"categories":[1],"tags":[],"class_list":["post-9382","post","type-post","status-publish","format-standard","hentry","category-df-nyt-dk"],"_links":{"self":[{"href":"https:\/\/df-nyt.dk\/blog\/wp-json\/wp\/v2\/posts\/9382","targetHints":{"allow":["GET"]}}],"collection":[{"href":"https:\/\/df-nyt.dk\/blog\/wp-json\/wp\/v2\/posts"}],"about":[{"href":"https:\/\/df-nyt.dk\/blog\/wp-json\/wp\/v2\/types\/post"}],"author":[{"embeddable":true,"href":"https:\/\/df-nyt.dk\/blog\/wp-json\/wp\/v2\/users\/10"}],"replies":[{"embeddable":true,"href":"https:\/\/df-nyt.dk\/blog\/wp-json\/wp\/v2\/comments?post=9382"}],"version-history":[{"count":2,"href":"https:\/\/df-nyt.dk\/blog\/wp-json\/wp\/v2\/posts\/9382\/revisions"}],"predecessor-version":[{"id":105334,"href":"https:\/\/df-nyt.dk\/blog\/wp-json\/wp\/v2\/posts\/9382\/revisions\/105334"}],"wp:attachment":[{"href":"https:\/\/df-nyt.dk\/blog\/wp-json\/wp\/v2\/media?parent=9382"}],"wp:term":[{"taxonomy":"category","embeddable":true,"href":"https:\/\/df-nyt.dk\/blog\/wp-json\/wp\/v2\/categories?post=9382"},{"taxonomy":"post_tag","embeddable":true,"href":"https:\/\/df-nyt.dk\/blog\/wp-json\/wp\/v2\/tags?post=9382"}],"curies":[{"name":"wp","href":"https:\/\/api.w.org\/{rel}","templated":true}]}}