{"id":9394,"date":"2010-09-16T16:24:40","date_gmt":"2010-09-16T15:24:40","guid":{"rendered":"http:\/\/df-nyt.dk\/?p=9394"},"modified":"2025-07-27T19:35:25","modified_gmt":"2025-07-27T17:35:25","slug":"pa-facebook-oprettes-der-ogsa-hade-grupper","status":"publish","type":"post","link":"https:\/\/df-nyt.dk\/blog\/pa-facebook-oprettes-der-ogsa-hade-grupper\/","title":{"rendered":"P\u00e5 FaceBook oprettes der ogs\u00e5 &#8216;hade-grupper&#8217; &#8230;"},"content":{"rendered":"<p>P\u00e5 FaceBook oprettes der ogs\u00e5 &#8216;hade-grupper&#8217; &#8230;<br \/>\nOg s\u00e5 ser man vennerne str\u00f8mme til, sikkert\u00a0fordi de s\u00e5 gerne vil v\u00e6re solidariske, vise at de dele f\u00e6lles v\u00e6rdier og holdninger.<\/p>\n<p>Derfor er det ret nemt at spotte hvilket f\u00e6llesskab som ligger bag den slags grupper.<br \/>\nEt eksempel kunne v\u00e6re gruppen: &#8216;Carl-Erik Z\u00f8lck: Danmarks hidtil st\u00f8rste lystl\u00f8gner nr. 1&#8217;<\/p>\n<p><img loading=\"lazy\" decoding=\"async\" class=\"alignnone\" src=\"https:\/\/df-nyt.dk\/\/wp-content\/uploads\/250120132318.png\" alt=\"250120132318\" width=\"353\" height=\"319\" \/><\/p>\n<p>&#8216;shansen&#8217; som er omtalt i ovenst\u00e5ende klip, er antagelig den h\u00f8jt respekteret<br \/>\nredakt\u00f8r p\u00e5 <a href=\"https:\/\/p77.dk\/nyheder\" rel=\"noopener noreferrer\"><span style=\"text-decoration: underline;\">Netavisen, P77.dk <\/span><\/a><\/p>\n<p>[kaltura-widget uiconfid=&#8221;535&#8243; entryid=&#8221;1_ixhj09rj&#8221; width=&#8221;400&#8243; height=&#8221;330&#8243; addpermission=&#8221;&#8221; editpermission=&#8221;&#8221; \/]<\/p>\n<p>Du kan se medlemmer af gruppen i ovenst\u00e5ende video.<br \/>\nDer finder man b.la. en person som har v\u00e6ret opstillet som kandidat til\u00a0Europapparlamentet<br \/>\nfor Dansk Folkeparti. Henrik R\u00e6der Clausen fik ved EU-valget\u00a0ca. 400 stemmer.<\/p>\n<p><img loading=\"lazy\" decoding=\"async\" class=\"alignnone size-full\" src=\"https:\/\/df-nyt.dk\/\/wp-content\/uploads\/250120132319.png\" alt=\"250120132319\" width=\"381\" height=\"233\" \/><\/p>\n<p>For yderlig l\u00e6sning.<\/p>\n<p><a href=\"https:\/\/df-nyt.dk\/katrine-winkel-holm-noterer-jp-som-den-sidste-avis-anmelder-min-bog-og-anmeldelsen-ikke-er-den-klogeste\/\"><span style=\"text-decoration: underline;\">anmelder min bog og at anmeldelsen ikke er den klogeste<\/span><\/a><br \/>\n&nbsp;<\/p>\n","protected":false},"excerpt":{"rendered":"<p>P\u00e5 FaceBook oprettes der ogs\u00e5 &#8216;hade-grupper&#8217; &#8230; Og s\u00e5 ser man vennerne str\u00f8mme til, sikkert\u00a0fordi de s\u00e5 gerne vil v\u00e6re solidariske, vise at de dele f\u00e6lles v\u00e6rdier og holdninger. Derfor er det ret nemt at spotte hvilket f\u00e6llesskab som ligger bag den slags grupper. Et eksempel kunne v\u00e6re gruppen: &#8216;Carl-Erik Z\u00f8lck: Danmarks hidtil st\u00f8rste lystl\u00f8gner [&hellip;]<\/p>\n","protected":false},"author":10,"featured_media":0,"comment_status":"open","ping_status":"closed","sticky":false,"template":"","format":"standard","meta":{"footnotes":""},"categories":[1],"tags":[],"class_list":["post-9394","post","type-post","status-publish","format-standard","hentry","category-df-nyt-dk"],"_links":{"self":[{"href":"https:\/\/df-nyt.dk\/blog\/wp-json\/wp\/v2\/posts\/9394","targetHints":{"allow":["GET"]}}],"collection":[{"href":"https:\/\/df-nyt.dk\/blog\/wp-json\/wp\/v2\/posts"}],"about":[{"href":"https:\/\/df-nyt.dk\/blog\/wp-json\/wp\/v2\/types\/post"}],"author":[{"embeddable":true,"href":"https:\/\/df-nyt.dk\/blog\/wp-json\/wp\/v2\/users\/10"}],"replies":[{"embeddable":true,"href":"https:\/\/df-nyt.dk\/blog\/wp-json\/wp\/v2\/comments?post=9394"}],"version-history":[{"count":3,"href":"https:\/\/df-nyt.dk\/blog\/wp-json\/wp\/v2\/posts\/9394\/revisions"}],"predecessor-version":[{"id":109419,"href":"https:\/\/df-nyt.dk\/blog\/wp-json\/wp\/v2\/posts\/9394\/revisions\/109419"}],"wp:attachment":[{"href":"https:\/\/df-nyt.dk\/blog\/wp-json\/wp\/v2\/media?parent=9394"}],"wp:term":[{"taxonomy":"category","embeddable":true,"href":"https:\/\/df-nyt.dk\/blog\/wp-json\/wp\/v2\/categories?post=9394"},{"taxonomy":"post_tag","embeddable":true,"href":"https:\/\/df-nyt.dk\/blog\/wp-json\/wp\/v2\/tags?post=9394"}],"curies":[{"name":"wp","href":"https:\/\/api.w.org\/{rel}","templated":true}]}}