{"id":94410,"date":"2018-01-30T16:54:16","date_gmt":"2018-01-30T15:54:16","guid":{"rendered":"http:\/\/df-nyt.dk\/?p=94410"},"modified":"2025-06-13T07:40:53","modified_gmt":"2025-06-13T05:40:53","slug":"eus-udenrigsministre-til-hastemoede-om-palaestina","status":"publish","type":"post","link":"https:\/\/df-nyt.dk\/blog\/eus-udenrigsministre-til-hastemoede-om-palaestina\/","title":{"rendered":"EU&#8217;s udenrigsministre til hastem\u00f8de om Pal\u00e6stina"},"content":{"rendered":"<p><img loading=\"lazy\" decoding=\"async\" src=\"https:\/\/df-nyt.dk\/\/wp-content\/uploads\/2016\/09\/060920160358.png\" alt=\"\" width=\"303\" height=\"53\" class=\"alignnone\"\/><\/p>\n<p>EU&#8217;s udenrigsministre til hastem\u00f8de om Pal\u00e6stina<br \/>\nI lyset af USAs udmelding om at tilbageholde 2\/3 af st\u00f8tten til UNRWA er de europ\u00e6iske udenrigsministre indkaldt til hastem\u00f8de i Bruxelles p\u00e5 onsdag. Skriver man i Margrete Aukens pressemeddelelse<\/p>\n<p>\u2013og forts\u00e6tter.<br \/>\nM\u00f8det er arrangeret af den s\u00e5kaldte Ad Hoc Liaison Committee \u2013 en multilateral styringsgruppe ledet af Norge, medsponsoreret af EU og USA og med 15 medlemmer fra blandt andet FN, de pal\u00e6stinensiske myndigheder, Israel, Rusland, Verdensbanken og Den Internationale Valutafond.<\/p>\n<p>Gruppen vil dr\u00f8fte den seneste udvikling i Pal\u00e6stina sammen med ministrene, og her forventer jeg at den danske udenrigsminister giver klar opbakning til fortsat at st\u00f8tte UNRWA og ikke lader sig rive med af sidste uges \u00f8nske fra V, K, DF og S om at nedl\u00e6gge organisationen \u2013 endda uden et eneste bud p\u00e5 hvordan de mener Danmark skal hj\u00e6lpe med til at f\u00e5 bes\u00e6ttelsen oph\u00e6vet.<\/p>\n<p>I \u00f8vrigt kan det ikke gentages for tit: Danmark b\u00f8r v\u00e6re helt i front med budskabet om at respektere international lov!<\/p>\n<p>For yderlig l\u00e6sning.<\/p>\n<p><a href=\"https:\/\/www.eesc.europa.eu\/en\/sections-other-bodies\/other\/liaison-group\" target=\"_blank\" rel=\"noopener noreferrer\"><span style=\"text-decoration: underline;\">L\u00e6s mere om Liaison Committee her<\/span><\/a><br \/>\n&nbsp;<br \/>\n<a href=\"https:\/\/sf.dk\/nyheder\/\" rel=\"noopener noreferrer\" target=\"_blank\"><span style=\"text-decoration: underline\">Seneste nyt fra SF<\/span><\/a><br \/>\n&nbsp;<br \/>\n<a href=\"https:\/\/greens-efa.eu\/en\/\" target=\"_blank\" rel=\"noopener noreferrer\"><span style=\"text-decoration: underline;\">Se den Gr\u00f8nne gruppe i parlamentet her<\/span><\/a><br \/>\n&nbsp;<\/p>\n","protected":false},"excerpt":{"rendered":"<p>EU&#8217;s udenrigsministre til hastem\u00f8de om Pal\u00e6stina I lyset af USAs udmelding om at tilbageholde 2\/3 af st\u00f8tten til UNRWA er de europ\u00e6iske udenrigsministre indkaldt til hastem\u00f8de i Bruxelles p\u00e5 onsdag. Skriver man i Margrete Aukens pressemeddelelse \u2013og forts\u00e6tter. M\u00f8det er arrangeret af den s\u00e5kaldte Ad Hoc Liaison Committee \u2013 en multilateral styringsgruppe ledet af Norge, [&hellip;]<\/p>\n","protected":false},"author":10,"featured_media":0,"comment_status":"open","ping_status":"closed","sticky":false,"template":"","format":"standard","meta":{"footnotes":""},"categories":[1],"tags":[],"class_list":["post-94410","post","type-post","status-publish","format-standard","hentry","category-df-nyt-dk"],"_links":{"self":[{"href":"https:\/\/df-nyt.dk\/blog\/wp-json\/wp\/v2\/posts\/94410","targetHints":{"allow":["GET"]}}],"collection":[{"href":"https:\/\/df-nyt.dk\/blog\/wp-json\/wp\/v2\/posts"}],"about":[{"href":"https:\/\/df-nyt.dk\/blog\/wp-json\/wp\/v2\/types\/post"}],"author":[{"embeddable":true,"href":"https:\/\/df-nyt.dk\/blog\/wp-json\/wp\/v2\/users\/10"}],"replies":[{"embeddable":true,"href":"https:\/\/df-nyt.dk\/blog\/wp-json\/wp\/v2\/comments?post=94410"}],"version-history":[{"count":3,"href":"https:\/\/df-nyt.dk\/blog\/wp-json\/wp\/v2\/posts\/94410\/revisions"}],"predecessor-version":[{"id":107450,"href":"https:\/\/df-nyt.dk\/blog\/wp-json\/wp\/v2\/posts\/94410\/revisions\/107450"}],"wp:attachment":[{"href":"https:\/\/df-nyt.dk\/blog\/wp-json\/wp\/v2\/media?parent=94410"}],"wp:term":[{"taxonomy":"category","embeddable":true,"href":"https:\/\/df-nyt.dk\/blog\/wp-json\/wp\/v2\/categories?post=94410"},{"taxonomy":"post_tag","embeddable":true,"href":"https:\/\/df-nyt.dk\/blog\/wp-json\/wp\/v2\/tags?post=94410"}],"curies":[{"name":"wp","href":"https:\/\/api.w.org\/{rel}","templated":true}]}}