{"id":9460,"date":"2010-09-17T06:36:12","date_gmt":"2010-09-17T05:36:12","guid":{"rendered":"http:\/\/df-nyt.dk\/?p=9460"},"modified":"2024-11-24T13:00:20","modified_gmt":"2024-11-24T12:00:20","slug":"lisbeth-rasmussen-oprab-man-ma-gerne-se-efter-skumle-personer-gruppen","status":"publish","type":"post","link":"https:\/\/df-nyt.dk\/blog\/lisbeth-rasmussen-oprab-man-ma-gerne-se-efter-skumle-personer-gruppen\/","title":{"rendered":"Lisbeth Rasmussen: OPR\u00c5B!!! Man m\u00e5 gerne se efter skumle personer i gruppen"},"content":{"rendered":"<p>Lisbeth Rasmussen: OPR\u00c5B!!! Man m\u00e5 gerne se efter skumle personer i gruppen<\/p>\n<p>-En gruppe for medlemmer som har interesse i at vide om Danmarks lystl\u00f8gner nr. 1 eller p\u00e5 en eller anden m\u00e5de har v\u00e6ret udsat for chikane fra Z\u00f8lck:<\/p>\n<p>Skriv dine erfaringer om denne Islam-elskende, demokrati\/ytringsfriheds-hadende mandsperson, som g\u00e5r under d\u00e6kke af mange synonymer.<\/p>\n<p>Man skal passe p\u00e5 med hvem, man godkender som ven, da det kan v\u00e6re snylteren Z\u00f8lck, som ripper din profil for alle oplysninger der kan v\u00e6re relevant for ham og hans chikane.<\/p>\n<p>Dine oplysninger vil blive drejet til hans fordel og du vil i medierne blive h\u00e6ngt ud som ect. nazist, racist osv.&#8221;<\/p>\n<p>Skriver Lisbeth Rasmussen som stifter af FaceBook-gruppen:\u00a0Carl-Erik Z\u00f8lck: Danmarks hidtil st\u00f8rste lystl\u00f8gner nr. 1.<\/p>\n<p>En gruppe, hvori man p\u00e5 opfordring af Lisbeth Rasmussen gerne m\u00e5 se efter skumle personer.<br \/>\n&nbsp;<\/p>\n<p><img loading=\"lazy\" decoding=\"async\" src=\"https:\/\/df-nyt.dk\/wp-content\/uploads\/170920100717.png\" alt=\"\" width=\"320\" height=\"400\" class=\"alignnone size-medium \" \/><\/p>\n<p><img loading=\"lazy\" decoding=\"async\" src=\"https:\/\/df-nyt.dk\/wp-content\/uploads\/170920100701.png\" alt=\"\" width=\"390\" height=\"400\" class=\"alignnone size-medium \" \/><\/p>\n<p><img loading=\"lazy\" decoding=\"async\" src=\"https:\/\/df-nyt.dk\/wp-content\/uploads\/170920100703.png\" alt=\"\" width=\"400\" height=\"392\" class=\"alignnone size-medium \" \/><\/p>\n<p>For yderlig l\u00e6sning<\/p>\n<p><a href=\"https:\/\/df-nyt.dk\/?p=9394  \/\"rel=\"noreferrer nofollow\"><span style=\"text-decoration: underline;\">P\u00e5 FaceBook oprettes der ogs\u00e5 hade-grupper<\/span><\/a><br \/>\n&nbsp;<\/p>\n","protected":false},"excerpt":{"rendered":"<p>Lisbeth Rasmussen: OPR\u00c5B!!! Man m\u00e5 gerne se efter skumle personer i gruppen -En gruppe for medlemmer som har interesse i at vide om Danmarks lystl\u00f8gner nr. 1 eller p\u00e5 en eller anden m\u00e5de har v\u00e6ret udsat for chikane fra Z\u00f8lck: Skriv dine erfaringer om denne Islam-elskende, demokrati\/ytringsfriheds-hadende mandsperson, som g\u00e5r under d\u00e6kke af mange synonymer. [&hellip;]<\/p>\n","protected":false},"author":10,"featured_media":0,"comment_status":"open","ping_status":"closed","sticky":false,"template":"","format":"standard","meta":{"footnotes":""},"categories":[1],"tags":[],"class_list":["post-9460","post","type-post","status-publish","format-standard","hentry","category-df-nyt-dk"],"_links":{"self":[{"href":"https:\/\/df-nyt.dk\/blog\/wp-json\/wp\/v2\/posts\/9460","targetHints":{"allow":["GET"]}}],"collection":[{"href":"https:\/\/df-nyt.dk\/blog\/wp-json\/wp\/v2\/posts"}],"about":[{"href":"https:\/\/df-nyt.dk\/blog\/wp-json\/wp\/v2\/types\/post"}],"author":[{"embeddable":true,"href":"https:\/\/df-nyt.dk\/blog\/wp-json\/wp\/v2\/users\/10"}],"replies":[{"embeddable":true,"href":"https:\/\/df-nyt.dk\/blog\/wp-json\/wp\/v2\/comments?post=9460"}],"version-history":[{"count":3,"href":"https:\/\/df-nyt.dk\/blog\/wp-json\/wp\/v2\/posts\/9460\/revisions"}],"predecessor-version":[{"id":107047,"href":"https:\/\/df-nyt.dk\/blog\/wp-json\/wp\/v2\/posts\/9460\/revisions\/107047"}],"wp:attachment":[{"href":"https:\/\/df-nyt.dk\/blog\/wp-json\/wp\/v2\/media?parent=9460"}],"wp:term":[{"taxonomy":"category","embeddable":true,"href":"https:\/\/df-nyt.dk\/blog\/wp-json\/wp\/v2\/categories?post=9460"},{"taxonomy":"post_tag","embeddable":true,"href":"https:\/\/df-nyt.dk\/blog\/wp-json\/wp\/v2\/tags?post=9460"}],"curies":[{"name":"wp","href":"https:\/\/api.w.org\/{rel}","templated":true}]}}