{"id":94649,"date":"2018-02-13T09:31:55","date_gmt":"2018-02-13T08:31:55","guid":{"rendered":"http:\/\/df-nyt.dk\/?p=94649"},"modified":"2024-02-07T22:02:54","modified_gmt":"2024-02-07T21:02:54","slug":"sommertiden-bevaret-for-nu","status":"publish","type":"post","link":"https:\/\/df-nyt.dk\/blog\/sommertiden-bevaret-for-nu\/","title":{"rendered":"Sommertiden bevaret for nu"},"content":{"rendered":"<p><img loading=\"lazy\" decoding=\"async\" src=\"https:\/\/df-nyt.dk\/\/wp-content\/uploads\/2016\/09\/060920160358.png\" alt=\"\" width=\"303\" height=\"53\" class=\"alignnone\"\/><\/p>\n<p>Sommertiden bevaret for nu<br \/>\nEn h\u00f8jsp\u00e6ndt debat om afskaffelse af sommertid fandt sted i Plenaren torsdag morgen hvor jeg ogs\u00e5 forsvarede den nuv\u00e6rende ordning. Skriver man i Margrete Aukens pressemeddelelse <\/p>\n<p>\u2013og forts\u00e6tter.<br \/>\nHele ugen l\u00f8b mailboksene i Parlamentet over med argumenter for og imod og f\u00f8lelserne kogte. <\/p>\n<p>I sidste ende var argumenterne politiske snarere end faglige. Dog blev sommertiden reddet &#8211; for nu &#8211; ved den efterf\u00f8lgende afstemning. <\/p>\n<p>Kommissionen blev i stedet p\u00e5lagt at vurdere de videnskabelige argumenter for og imod &#8211; herunder om menneskers d\u00f8gnrytme nu ogs\u00e5 bliver forstyrret voldsomt af en times tidsskifte to gange om \u00e5ret.<\/p>\n<p>For yderlig l\u00e6sning.<\/p>\n<p><a href=\"https:\/\/sf.dk\/\" rel=\"noopener noreferrer\" target=\"_blank\"><span style=\"text-decoration: underline\">Seneste nyt fra SF<\/span><\/a><br \/>\n&nbsp;<br \/>\n<a href=\"https:\/\/greens-efa.eu\/en\/\" target=\"_blank\" rel=\"noopener noreferrer\"><span style=\"text-decoration: underline;\">Se den Gr\u00f8nne gruppe i parlamentet her<\/span><\/a><br \/>\n&nbsp;<\/p>\n","protected":false},"excerpt":{"rendered":"<p>Sommertiden bevaret for nu En h\u00f8jsp\u00e6ndt debat om afskaffelse af sommertid fandt sted i Plenaren torsdag morgen hvor jeg ogs\u00e5 forsvarede den nuv\u00e6rende ordning. Skriver man i Margrete Aukens pressemeddelelse \u2013og forts\u00e6tter. Hele ugen l\u00f8b mailboksene i Parlamentet over med argumenter for og imod og f\u00f8lelserne kogte. I sidste ende var argumenterne politiske snarere end [&hellip;]<\/p>\n","protected":false},"author":10,"featured_media":0,"comment_status":"open","ping_status":"closed","sticky":false,"template":"","format":"standard","meta":{"footnotes":""},"categories":[1],"tags":[],"class_list":["post-94649","post","type-post","status-publish","format-standard","hentry","category-df-nyt-dk"],"_links":{"self":[{"href":"https:\/\/df-nyt.dk\/blog\/wp-json\/wp\/v2\/posts\/94649","targetHints":{"allow":["GET"]}}],"collection":[{"href":"https:\/\/df-nyt.dk\/blog\/wp-json\/wp\/v2\/posts"}],"about":[{"href":"https:\/\/df-nyt.dk\/blog\/wp-json\/wp\/v2\/types\/post"}],"author":[{"embeddable":true,"href":"https:\/\/df-nyt.dk\/blog\/wp-json\/wp\/v2\/users\/10"}],"replies":[{"embeddable":true,"href":"https:\/\/df-nyt.dk\/blog\/wp-json\/wp\/v2\/comments?post=94649"}],"version-history":[{"count":2,"href":"https:\/\/df-nyt.dk\/blog\/wp-json\/wp\/v2\/posts\/94649\/revisions"}],"predecessor-version":[{"id":102489,"href":"https:\/\/df-nyt.dk\/blog\/wp-json\/wp\/v2\/posts\/94649\/revisions\/102489"}],"wp:attachment":[{"href":"https:\/\/df-nyt.dk\/blog\/wp-json\/wp\/v2\/media?parent=94649"}],"wp:term":[{"taxonomy":"category","embeddable":true,"href":"https:\/\/df-nyt.dk\/blog\/wp-json\/wp\/v2\/categories?post=94649"},{"taxonomy":"post_tag","embeddable":true,"href":"https:\/\/df-nyt.dk\/blog\/wp-json\/wp\/v2\/tags?post=94649"}],"curies":[{"name":"wp","href":"https:\/\/api.w.org\/{rel}","templated":true}]}}