{"id":9479,"date":"2010-09-17T12:16:08","date_gmt":"2010-09-17T11:16:08","guid":{"rendered":"http:\/\/df-nyt.dk\/?p=9479"},"modified":"2018-03-06T21:18:01","modified_gmt":"2018-03-06T20:18:01","slug":"sf-birthe-r%c3%b8nn-svigter-erhvervslivet-og-v%c3%a6kstbetingelser","status":"publish","type":"post","link":"https:\/\/df-nyt.dk\/blog\/sf-birthe-r%c3%b8nn-svigter-erhvervslivet-og-v%c3%a6kstbetingelser\/","title":{"rendered":"SF: Birthe R\u00f8nn svigter erhvervslivet og v\u00e6kstbetingelser"},"content":{"rendered":"<p>If\u00f8lge Jyllands-Posten har integrationsministeren uden varsel halveret l\u00e6ngden af en opholdstilladelse som f\u00f8lge af et Green Card &#8211; som skal bruges til at tiltr\u00e6kke arbejdskraft til danske virksomheder.<\/p>\n<p>Erhvervslivet er rasende og SF&#8217;s udl\u00e6ndingeordf\u00f8rer Astrid ryster p\u00e5 hovedet over, at ministeren svigter enhver v\u00e6kstdagsorden.<\/p>\n<p>Skriver man i en pressemeddelse fra SF &#8211; og forts\u00e6tter<\/p>\n<p>&#8220;Jeg forst\u00e5r ikke, at det nu skal blive sv\u00e6rere at f\u00e5 kvalificeret og n\u00f8dvendig arbejdskraft til Danmark.<\/p>\n<p>Veluddannet arbejdskraft er vigtig for at en god ramme for v\u00e6kst, og skal v\u00e6re med til at f\u00e5 flere virksomheder til Danmark og skabe arbejdspladser til os alle sammen.<\/p>\n<p>Det er mig en g\u00e5de, at ministeren ikke vil st\u00f8tte op om, at vi f\u00e5r flere arbejdspladser&#8221;<\/p>\n<p>Ministeren giver ikke en forklaring p\u00e5 \u00e6ndringen &#8211; derfor har Astrid Krag stillet en byge af sp\u00f8rgsm\u00e5l, dels om grunden til \u00e6ndringen.<\/p>\n<p>Og dels om, hvorfor det er sket s\u00e5 pludseligt. Astrid Krag understreger, at udenlandsk arbejdskraft skal arbejde under danske l\u00f8n- og arbejdsforhold-<\/p>\n<p>&#8220;Regeringens h\u00f8jre h\u00e5nd ved ikke, hvad den venstre laver. Lars L\u00f8kke holder sk\u00e5ltaler om v\u00e6kst, men bliver tacklet benh\u00e5rdt af sin egen integrationsminister.<\/p>\n<p>Det ville v\u00e6re komisk, hvis det ikke det lige nu er helt afg\u00f8rende, at danske virksomheder f\u00e5r gode rammebetingelser.<\/p>\n<p>Det er reelt tragisk, at regeringen ikke mener v\u00e6kstdagsordenen alvorligt og viser det helt tydeligt p\u00e5 denne m\u00e5de.&#8221; siger\u00a0Astrid Krag<\/p>\n<p><strong>For yderlig l\u00e6sning.<\/strong><\/p>\n<p><a href=\"http:\/\/www.sf.dk\"><span style=\"text-decoration: underline;\"><strong>www.sf.dk\/seneste-nyt<\/strong><\/span><\/a><\/p>\n<p>&nbsp;<\/p>\n","protected":false},"excerpt":{"rendered":"<p>If\u00f8lge Jyllands-Posten har integrationsministeren uden varsel halveret l\u00e6ngden af en opholdstilladelse som f\u00f8lge af et Green Card &#8211; som skal bruges til at tiltr\u00e6kke arbejdskraft til danske virksomheder. Erhvervslivet er rasende og SF&#8217;s udl\u00e6ndingeordf\u00f8rer Astrid ryster p\u00e5 hovedet over, at ministeren svigter enhver v\u00e6kstdagsorden. Skriver man i en pressemeddelse fra SF &#8211; og forts\u00e6tter &#8220;Jeg [&hellip;]<\/p>\n","protected":false},"author":10,"featured_media":0,"comment_status":"open","ping_status":"closed","sticky":false,"template":"","format":"standard","meta":{"footnotes":""},"categories":[1],"tags":[],"class_list":["post-9479","post","type-post","status-publish","format-standard","hentry","category-df-nyt-dk"],"_links":{"self":[{"href":"https:\/\/df-nyt.dk\/blog\/wp-json\/wp\/v2\/posts\/9479","targetHints":{"allow":["GET"]}}],"collection":[{"href":"https:\/\/df-nyt.dk\/blog\/wp-json\/wp\/v2\/posts"}],"about":[{"href":"https:\/\/df-nyt.dk\/blog\/wp-json\/wp\/v2\/types\/post"}],"author":[{"embeddable":true,"href":"https:\/\/df-nyt.dk\/blog\/wp-json\/wp\/v2\/users\/10"}],"replies":[{"embeddable":true,"href":"https:\/\/df-nyt.dk\/blog\/wp-json\/wp\/v2\/comments?post=9479"}],"version-history":[{"count":0,"href":"https:\/\/df-nyt.dk\/blog\/wp-json\/wp\/v2\/posts\/9479\/revisions"}],"wp:attachment":[{"href":"https:\/\/df-nyt.dk\/blog\/wp-json\/wp\/v2\/media?parent=9479"}],"wp:term":[{"taxonomy":"category","embeddable":true,"href":"https:\/\/df-nyt.dk\/blog\/wp-json\/wp\/v2\/categories?post=9479"},{"taxonomy":"post_tag","embeddable":true,"href":"https:\/\/df-nyt.dk\/blog\/wp-json\/wp\/v2\/tags?post=9479"}],"curies":[{"name":"wp","href":"https:\/\/api.w.org\/{rel}","templated":true}]}}