{"id":9498,"date":"2010-09-17T17:15:08","date_gmt":"2010-09-17T16:15:08","guid":{"rendered":"http:\/\/df-nyt.dk\/?p=9498"},"modified":"2024-09-22T09:00:54","modified_gmt":"2024-09-22T07:00:54","slug":"rachel-adelberg-johansen-hvad-bliver-mon-det-naeste-som-en-overnational-myndighed-som-fn-vil-blande-sig-i","status":"publish","type":"post","link":"https:\/\/df-nyt.dk\/blog\/rachel-adelberg-johansen-hvad-bliver-mon-det-naeste-som-en-overnational-myndighed-som-fn-vil-blande-sig-i\/","title":{"rendered":"Rachel Adelberg Johansen: Hvad bliver mon det n\u00e6ste, som en overnational myndighed som FN vil blande sig i?"},"content":{"rendered":"<p>Afskaf racismeparagraffen!<br \/>\n<img loading=\"lazy\" decoding=\"async\" class=\"size-full  alignnone\" src=\"https:\/\/df-nyt.dk\/wp-content\/uploads\/220120131549.png\" alt=\"\" width=\"519\" height=\"154\" \/><br \/>\nDet er en overtr\u00e6delse af FN&#8217;s konvention om racediskrimination, at dansk politi afviste at f\u00f8re racismesager mod to af Dansk Folkepartis toppolitikere, S\u00f8ren Espersen og Pia Kj\u00e6rsgaard, da de udtalte sig negativt om somaliere og omsk\u00e6ring. Det fastsl\u00e5r den FN-komite, som overv\u00e5ger konventionen, skriver Morgenavisen Jyllands-Posten.<\/p>\n<p>Nu har vi over tid l\u00e6st mange t\u00e5belige konklusioner, beg\u00e5et af folk med tilknytning til Trykkefrihedsselskabet og Dansk Folkeparti.<\/p>\n<p>Derfor var jeg rimelig sikker p\u00e5 at jeg kunne finde noget nonsens,<br \/>\nved at kikke p\u00e5 Rachel Adelberg Johansens v\u00e6g p\u00e5 FaceBook.<\/p>\n<p>Og naturligvis skuffer konen mig ikke.<br \/>\nDenne intellektuelle begavelse er \u00e5benbart ikke istand til at forst\u00e5 at FN&#8217;s konvention om racediskrimination er en international aftale, som Danmark har indg\u00e5et, p\u00e5 lige fod med s\u00e5 mange andre.<\/p>\n<p>Herunder kan fx. n\u00e6vnes Danmarks olierettigheder i Nords\u00f8en,<br \/>\nNato-samarbejdet og samarbejdet med verdensbanken m.v.<\/p>\n<p>Og hvad har det s\u00e5 med\u00a0Straffelovens \u00a7 266 b, ogs\u00e5 kaldet <em>racismeparagraffen<\/em> eller diskriminationsparagraffen, som indg\u00e5r i Straffelovens kapitel 27 om Freds- og \u00e6rekr\u00e6nkelser, at g\u00f8re?<\/p>\n<p>Ikke en skid.<br \/>\nDet handler derimod om almene borgerrettigheder, ogs\u00e5 kaldet for <a href=\"https:\/\/menneskeret.dk\/om-os\/menneskerettigheder\/menneskerettigheder-danmark\" target=\"_blank\" rel=\"noopener noreferrer\"><span style=\"text-decoration: underline;\">menneskerettigheder.<\/span><\/a><\/p>\n<p>Reference<br \/>\n\/\/politiken.dk \/indland\/politik\/art4974090\/FN-vil-have-DF-top-retsforfulgt<\/p>\n","protected":false},"excerpt":{"rendered":"<p>Afskaf racismeparagraffen! Det er en overtr\u00e6delse af FN&#8217;s konvention om racediskrimination, at dansk politi afviste at f\u00f8re racismesager mod to af Dansk Folkepartis toppolitikere, S\u00f8ren Espersen og Pia Kj\u00e6rsgaard, da de udtalte sig negativt om somaliere og omsk\u00e6ring. Det fastsl\u00e5r den FN-komite, som overv\u00e5ger konventionen, skriver Morgenavisen Jyllands-Posten. Nu har vi over tid l\u00e6st mange [&hellip;]<\/p>\n","protected":false},"author":10,"featured_media":0,"comment_status":"open","ping_status":"closed","sticky":false,"template":"","format":"standard","meta":{"footnotes":""},"categories":[1],"tags":[],"class_list":["post-9498","post","type-post","status-publish","format-standard","hentry","category-df-nyt-dk"],"_links":{"self":[{"href":"https:\/\/df-nyt.dk\/blog\/wp-json\/wp\/v2\/posts\/9498","targetHints":{"allow":["GET"]}}],"collection":[{"href":"https:\/\/df-nyt.dk\/blog\/wp-json\/wp\/v2\/posts"}],"about":[{"href":"https:\/\/df-nyt.dk\/blog\/wp-json\/wp\/v2\/types\/post"}],"author":[{"embeddable":true,"href":"https:\/\/df-nyt.dk\/blog\/wp-json\/wp\/v2\/users\/10"}],"replies":[{"embeddable":true,"href":"https:\/\/df-nyt.dk\/blog\/wp-json\/wp\/v2\/comments?post=9498"}],"version-history":[{"count":4,"href":"https:\/\/df-nyt.dk\/blog\/wp-json\/wp\/v2\/posts\/9498\/revisions"}],"predecessor-version":[{"id":104746,"href":"https:\/\/df-nyt.dk\/blog\/wp-json\/wp\/v2\/posts\/9498\/revisions\/104746"}],"wp:attachment":[{"href":"https:\/\/df-nyt.dk\/blog\/wp-json\/wp\/v2\/media?parent=9498"}],"wp:term":[{"taxonomy":"category","embeddable":true,"href":"https:\/\/df-nyt.dk\/blog\/wp-json\/wp\/v2\/categories?post=9498"},{"taxonomy":"post_tag","embeddable":true,"href":"https:\/\/df-nyt.dk\/blog\/wp-json\/wp\/v2\/tags?post=9498"}],"curies":[{"name":"wp","href":"https:\/\/api.w.org\/{rel}","templated":true}]}}