{"id":9528,"date":"2010-09-18T08:30:32","date_gmt":"2010-09-18T07:30:32","guid":{"rendered":"http:\/\/df-nyt.dk\/?p=9528"},"modified":"2024-01-16T14:16:13","modified_gmt":"2024-01-16T13:16:13","slug":"h%c3%a6dres-hj%c3%a6lpe-hjeml%c3%b8se","status":"publish","type":"post","link":"https:\/\/df-nyt.dk\/blog\/h%c3%a6dres-hj%c3%a6lpe-hjeml%c3%b8se\/","title":{"rendered":"H\u00e6dres for at hj\u00e6lpe hjeml\u00f8se"},"content":{"rendered":"<p><img loading=\"lazy\" decoding=\"async\" class=\"alignleft size-full \" src=\"https:\/\/df-nyt.dk\/\/wp-content\/uploads\/080320130931.png\" alt=\"080320130931\" width=\"230\" height=\"236\" \/><br \/>\n&nbsp;<\/p>\n<p>H\u00e6dres for at hj\u00e6lpe hjeml\u00f8se<br \/>\nCamilla Daugaard fra Psykiatri og Handicap-forvaltningen i Rudersdal Kommune h\u00e6dres med &#8220;Gadejuristens pris 2010&#8221;<\/p>\n<p>-Vi tager os af dem, der er helt uden for systemet og som ikke form\u00e5r at have kontakt med kommunen.<\/p>\n<p>Det kommunale system er ikke altid s\u00e5 fleksibelt, s\u00e5 er det rigtig sv\u00e6rt for dem, som ikke form\u00e5r at leve op til vores krav.<\/p>\n<p>Det drejer sig om sk\u00e6ve eksistenser, som har behov for ekstra hj\u00e6lp til at navigere rundt i systemet, siger Camilla Daugaard til Frederiksborg Amts Avis<br \/>\n&nbsp;<br \/>\nFor yderlig l\u00e6sning.<\/p>\n<p>SF g\u00f8r mest for de svage -siger den tidligere mange\u00e5rige socialordf\u00f8rer fra Dansk Folkeparti, Pia Kristensen. <a href=\"https:\/\/df-nyt.dk\/?p=5960  \/\" rel=\"noreferrer nofollow\"><span style=\"text-decoration: underline\"> -L\u00e6s det HER<\/span><\/a><br \/>\n&nbsp;<\/p>\n","protected":false},"excerpt":{"rendered":"<p>&nbsp; H\u00e6dres for at hj\u00e6lpe hjeml\u00f8se Camilla Daugaard fra Psykiatri og Handicap-forvaltningen i Rudersdal Kommune h\u00e6dres med &#8220;Gadejuristens pris 2010&#8221; -Vi tager os af dem, der er helt uden for systemet og som ikke form\u00e5r at have kontakt med kommunen. Det kommunale system er ikke altid s\u00e5 fleksibelt, s\u00e5 er det rigtig sv\u00e6rt for dem, [&hellip;]<\/p>\n","protected":false},"author":10,"featured_media":0,"comment_status":"open","ping_status":"closed","sticky":false,"template":"","format":"standard","meta":{"footnotes":""},"categories":[1],"tags":[],"class_list":["post-9528","post","type-post","status-publish","format-standard","hentry","category-df-nyt-dk"],"_links":{"self":[{"href":"https:\/\/df-nyt.dk\/blog\/wp-json\/wp\/v2\/posts\/9528","targetHints":{"allow":["GET"]}}],"collection":[{"href":"https:\/\/df-nyt.dk\/blog\/wp-json\/wp\/v2\/posts"}],"about":[{"href":"https:\/\/df-nyt.dk\/blog\/wp-json\/wp\/v2\/types\/post"}],"author":[{"embeddable":true,"href":"https:\/\/df-nyt.dk\/blog\/wp-json\/wp\/v2\/users\/10"}],"replies":[{"embeddable":true,"href":"https:\/\/df-nyt.dk\/blog\/wp-json\/wp\/v2\/comments?post=9528"}],"version-history":[{"count":1,"href":"https:\/\/df-nyt.dk\/blog\/wp-json\/wp\/v2\/posts\/9528\/revisions"}],"predecessor-version":[{"id":101440,"href":"https:\/\/df-nyt.dk\/blog\/wp-json\/wp\/v2\/posts\/9528\/revisions\/101440"}],"wp:attachment":[{"href":"https:\/\/df-nyt.dk\/blog\/wp-json\/wp\/v2\/media?parent=9528"}],"wp:term":[{"taxonomy":"category","embeddable":true,"href":"https:\/\/df-nyt.dk\/blog\/wp-json\/wp\/v2\/categories?post=9528"},{"taxonomy":"post_tag","embeddable":true,"href":"https:\/\/df-nyt.dk\/blog\/wp-json\/wp\/v2\/tags?post=9528"}],"curies":[{"name":"wp","href":"https:\/\/api.w.org\/{rel}","templated":true}]}}