{"id":95764,"date":"2018-03-13T05:55:54","date_gmt":"2018-03-13T04:55:54","guid":{"rendered":"http:\/\/df-nyt.dk\/?p=95764"},"modified":"2024-02-08T22:25:09","modified_gmt":"2024-02-08T21:25:09","slug":"forbindelsen-mellem-eu-og-briterne-efter-brexit","status":"publish","type":"post","link":"https:\/\/df-nyt.dk\/blog\/forbindelsen-mellem-eu-og-briterne-efter-brexit\/","title":{"rendered":"Forbindelsen mellem EU og briterne efter BREXIT"},"content":{"rendered":"<p><img loading=\"lazy\" decoding=\"async\" class=\"alignnone size-full \" src=\"https:\/\/df-nyt.dk\/wp-content\/uploads\/2018\/02\/200220180723.png\" alt=\"\" width=\"289\" height=\"65\" \/><\/p>\n<p>Forbindelsen mellem EU og briterne efter BREXIT<br \/>\nI Parlamentet skal vi tirsdag debattere og stemme om vores indstilling til rammen for forbindelserne mellem EU og Storbritannien efter BREXIT. Skriver man i Margrete Aukens pressemeddelelse<br \/>\n<img loading=\"lazy\" decoding=\"async\" class=\"alignleft  \" src=\"https:\/\/df-nyt.dk\/wp-content\/uploads\/2018\/03\/130320180554.png\" alt=\"\" width=\"210\" height=\"134\" \/><br \/>\n\u2013og forts\u00e6tter.<br \/>\nAfstemningen vil danne optakt til EU-topm\u00f8det i Bruxelles den 22.-23. marts hvor EUs stats- og regeringschefer diskuterer retningslinjerne for forhandlingerne om de fremtidige relationer p\u00e5 topm\u00f8det.<\/p>\n<p>Vi skal ogs\u00e5 diskutere andre vigtige emner der skal til behandling p\u00e5 topm\u00f8det \u2013 herunder beskatning, jobskabelse og konkurrenceevne.<\/p>\n<p>Storbritanniens udtr\u00e6den af EU f\u00e5r konsekvenser for alle parter, og det bliver sp\u00e6ndende at se hvad vi i Parlamentet f\u00e5r flertal for.<\/p>\n<p>For yderlig l\u00e6sning<\/p>\n<p><a href=\"http:\/\/sf.dk\/\" rel=\"noreferrer nofollow\"><span style=\"text-decoration: underline;\">sf.dk \/seneste-nyt<\/span><\/a><br \/>\n&nbsp;<br \/>\n<a href=\"http:\/\/greens-efa.eu\/\" rel=\"noreferrer nofollow\"><span style=\"text-decoration: underline;\">Se den Gr\u00f8nne gruppe i parlamentet her<\/span><\/a><\/p>\n","protected":false},"excerpt":{"rendered":"<p>Forbindelsen mellem EU og briterne efter BREXIT I Parlamentet skal vi tirsdag debattere og stemme om vores indstilling til rammen for forbindelserne mellem EU og Storbritannien efter BREXIT. Skriver man i Margrete Aukens pressemeddelelse \u2013og forts\u00e6tter. Afstemningen vil danne optakt til EU-topm\u00f8det i Bruxelles den 22.-23. marts hvor EUs stats- og regeringschefer diskuterer retningslinjerne for [&hellip;]<\/p>\n","protected":false},"author":10,"featured_media":0,"comment_status":"open","ping_status":"closed","sticky":false,"template":"","format":"standard","meta":{"footnotes":""},"categories":[1],"tags":[],"class_list":["post-95764","post","type-post","status-publish","format-standard","hentry","category-df-nyt-dk"],"_links":{"self":[{"href":"https:\/\/df-nyt.dk\/blog\/wp-json\/wp\/v2\/posts\/95764","targetHints":{"allow":["GET"]}}],"collection":[{"href":"https:\/\/df-nyt.dk\/blog\/wp-json\/wp\/v2\/posts"}],"about":[{"href":"https:\/\/df-nyt.dk\/blog\/wp-json\/wp\/v2\/types\/post"}],"author":[{"embeddable":true,"href":"https:\/\/df-nyt.dk\/blog\/wp-json\/wp\/v2\/users\/10"}],"replies":[{"embeddable":true,"href":"https:\/\/df-nyt.dk\/blog\/wp-json\/wp\/v2\/comments?post=95764"}],"version-history":[{"count":4,"href":"https:\/\/df-nyt.dk\/blog\/wp-json\/wp\/v2\/posts\/95764\/revisions"}],"predecessor-version":[{"id":102752,"href":"https:\/\/df-nyt.dk\/blog\/wp-json\/wp\/v2\/posts\/95764\/revisions\/102752"}],"wp:attachment":[{"href":"https:\/\/df-nyt.dk\/blog\/wp-json\/wp\/v2\/media?parent=95764"}],"wp:term":[{"taxonomy":"category","embeddable":true,"href":"https:\/\/df-nyt.dk\/blog\/wp-json\/wp\/v2\/categories?post=95764"},{"taxonomy":"post_tag","embeddable":true,"href":"https:\/\/df-nyt.dk\/blog\/wp-json\/wp\/v2\/tags?post=95764"}],"curies":[{"name":"wp","href":"https:\/\/api.w.org\/{rel}","templated":true}]}}