{"id":9623,"date":"2010-09-20T15:52:58","date_gmt":"2010-09-20T14:52:58","guid":{"rendered":"http:\/\/df-nyt.dk\/?p=9623"},"modified":"2024-11-17T18:14:09","modified_gmt":"2024-11-17T17:14:09","slug":"h%c3%b8jrefl%c3%b8jen-sejrer-sverige","status":"publish","type":"post","link":"https:\/\/df-nyt.dk\/blog\/h%c3%b8jrefl%c3%b8jen-sejrer-sverige\/","title":{"rendered":"H\u00f8jrefl\u00f8jen sejrer i Sverige"},"content":{"rendered":"<p><img loading=\"lazy\" decoding=\"async\" class=\"alignleft  \" src=\"https:\/\/df-nyt.dk\/\/wp-content\/uploads\/240320131312.png\" alt=\"240320131312\" width=\"126\" height=\"101\" \/><\/p>\n<p>Beklageligvis lykkedes det ikke for det svenske centrum-venstre at fremst\u00e5 som et klokkeklart alternativ til Reinfeldts Moderaterne.<\/p>\n<p>\u00d8verst p\u00e5 v\u00e6lgernes top-10 liste over vigtigste prioriteringer var \u00f8konomien og her leverede den r\u00f8d-gr\u00f8nne opposition ikke samlede svar, der kunne overbevise v\u00e6lgerne. Skriver SF i sin pressemeddelelse<br \/>\n\u2013og fors\u00e6tter<br \/>\nValget i g\u00e5r b\u00f8r derfor give anledning til selvransagelse blandt oppositionen.<\/p>\n<p>Skal de borgerlige vippes af pinden, skal oppositionen have overbevist v\u00e6lgerne om at der findes et solidt alternativ.<\/p>\n<p>Der er ikke meget at fejre og beklageligvis lykkedes det ogs\u00e5 Sverige demokraterne at f\u00e5 erobret sig en plads Rigsdagen.<\/p>\n<p>Udfordringen bliver nu for de \u00f8vrige partier at finde ud af, hvordan man begr\u00e6nser h\u00f8jrenationale partiers indflydelse p\u00e5 den klogeste m\u00e5de.<\/p>\n<p>Der er rigeligt at tage fat p\u00e5 efter g\u00e5rsdagens valg, og desv\u00e6rre findes der ingen nemme l\u00f8sninger.<\/p>\n<p>For yderlig l\u00e6sning<\/p>\n<p><a href=\"http:\/\/sf.dk\/\" target=\"_blank\" rel=\"noopener noreferrer\"><u>Se seneste nyt fra SF her<\/u><\/a><br \/>\n&nbsp;<br \/>\n<a href=\"https:\/\/df-nyt.dk\/?p=9549 \/\" rel=\"noreferrer nofollow\"><span style=\"text-decoration: underline;\">SF: Salg af DSB er panik f\u00f8r lukketid<\/span><\/a><\/p>\n","protected":false},"excerpt":{"rendered":"<p>Beklageligvis lykkedes det ikke for det svenske centrum-venstre at fremst\u00e5 som et klokkeklart alternativ til Reinfeldts Moderaterne. \u00d8verst p\u00e5 v\u00e6lgernes top-10 liste over vigtigste prioriteringer var \u00f8konomien og her leverede den r\u00f8d-gr\u00f8nne opposition ikke samlede svar, der kunne overbevise v\u00e6lgerne. Skriver SF i sin pressemeddelelse \u2013og fors\u00e6tter Valget i g\u00e5r b\u00f8r derfor give anledning til [&hellip;]<\/p>\n","protected":false},"author":10,"featured_media":0,"comment_status":"open","ping_status":"closed","sticky":false,"template":"","format":"standard","meta":{"footnotes":""},"categories":[1],"tags":[],"class_list":["post-9623","post","type-post","status-publish","format-standard","hentry","category-df-nyt-dk"],"_links":{"self":[{"href":"https:\/\/df-nyt.dk\/blog\/wp-json\/wp\/v2\/posts\/9623","targetHints":{"allow":["GET"]}}],"collection":[{"href":"https:\/\/df-nyt.dk\/blog\/wp-json\/wp\/v2\/posts"}],"about":[{"href":"https:\/\/df-nyt.dk\/blog\/wp-json\/wp\/v2\/types\/post"}],"author":[{"embeddable":true,"href":"https:\/\/df-nyt.dk\/blog\/wp-json\/wp\/v2\/users\/10"}],"replies":[{"embeddable":true,"href":"https:\/\/df-nyt.dk\/blog\/wp-json\/wp\/v2\/comments?post=9623"}],"version-history":[{"count":2,"href":"https:\/\/df-nyt.dk\/blog\/wp-json\/wp\/v2\/posts\/9623\/revisions"}],"predecessor-version":[{"id":106815,"href":"https:\/\/df-nyt.dk\/blog\/wp-json\/wp\/v2\/posts\/9623\/revisions\/106815"}],"wp:attachment":[{"href":"https:\/\/df-nyt.dk\/blog\/wp-json\/wp\/v2\/media?parent=9623"}],"wp:term":[{"taxonomy":"category","embeddable":true,"href":"https:\/\/df-nyt.dk\/blog\/wp-json\/wp\/v2\/categories?post=9623"},{"taxonomy":"post_tag","embeddable":true,"href":"https:\/\/df-nyt.dk\/blog\/wp-json\/wp\/v2\/tags?post=9623"}],"curies":[{"name":"wp","href":"https:\/\/api.w.org\/{rel}","templated":true}]}}