{"id":9627,"date":"2010-09-20T18:41:25","date_gmt":"2010-09-20T17:41:25","guid":{"rendered":"http:\/\/df-nyt.dk\/?p=9627"},"modified":"2018-02-26T19:02:15","modified_gmt":"2018-02-26T18:02:15","slug":"antallet-af-langtidsledige-stiger-voldsomt","status":"publish","type":"post","link":"https:\/\/df-nyt.dk\/blog\/antallet-af-langtidsledige-stiger-voldsomt\/","title":{"rendered":"Antallet af langtidsledige stiger voldsomt"},"content":{"rendered":"<p>Antallet af langtidsledige stiger voldsomt, det seneste \u00e5r er antallet af langtidsledige steget med mere end 31.000 fuldtidspersoner, svarende til en stigning p\u00e5 knap 160 procent &#8211; i b\u00e5de maj og juni steg langtidsledigheden med over 3.000 fuldtidspersoner, s\u00e5 der i nu er over 51.000 langtidsledige, hvilket betydet, at langtidsledigheden er steget i de seneste 16 m\u00e5neder.<\/p>\n<p>Antallet af langtidsledige fortsatte med at stige i juni m\u00e5ned.<\/p>\n<p>Det betyder, at der nu er 51.300 langtidsledige opgjort i fuldtidspersoner.<\/p>\n<p>I l\u00f8bet af det seneste \u00e5r er antallet af langtidsledige steget med godt 31.000 svarende til en stigning p\u00e5 knap 160 procent. Skriver arbejderbev\u00e6gelsens erhvervsr\u00e5d. Du kan l\u00e6se mere <a href=\"http:\/\/www.ae.dk\/analyse\/langtidsledigheden-passerer-50000\">HER<\/a>\u00a0&lt;&lt;&lt;<\/p>\n<p>L\u00e6s ogs\u00e5, Nyt ambiti\u00f8st udspil fra Kommissionen l\u00e6ner sig op af Emilies bet\u00e6nkning om ungdomsarbejdsl\u00f8shed &gt;&gt;&gt;<strong> <a href=\"http:\/\/df-nyt.dk\/?p=9621\">L\u00e6s det HER<\/a> &lt;&lt;&lt;<\/strong><\/p>\n<p><a href=\"https:\/\/df-nyt.dk\/q-populisme\/df-nyt-jobbanken\/\" target=\"_blank\" rel=\"noopener\"><span style=\"text-decoration: underline;\"><strong>Se ogs\u00e5, DF-Nyt Jobbanken<\/strong><\/span><\/a><\/p>\n<p>&nbsp;<\/p>\n","protected":false},"excerpt":{"rendered":"<p>Antallet af langtidsledige stiger voldsomt, det seneste \u00e5r er antallet af langtidsledige steget med mere end 31.000 fuldtidspersoner, svarende til en stigning p\u00e5 knap 160 procent &#8211; i b\u00e5de maj og juni steg langtidsledigheden med over 3.000 fuldtidspersoner, s\u00e5 der i nu er over 51.000 langtidsledige, hvilket betydet, at langtidsledigheden er steget i de seneste [&hellip;]<\/p>\n","protected":false},"author":10,"featured_media":0,"comment_status":"open","ping_status":"closed","sticky":false,"template":"","format":"standard","meta":{"footnotes":""},"categories":[1],"tags":[],"class_list":["post-9627","post","type-post","status-publish","format-standard","hentry","category-df-nyt-dk"],"_links":{"self":[{"href":"https:\/\/df-nyt.dk\/blog\/wp-json\/wp\/v2\/posts\/9627","targetHints":{"allow":["GET"]}}],"collection":[{"href":"https:\/\/df-nyt.dk\/blog\/wp-json\/wp\/v2\/posts"}],"about":[{"href":"https:\/\/df-nyt.dk\/blog\/wp-json\/wp\/v2\/types\/post"}],"author":[{"embeddable":true,"href":"https:\/\/df-nyt.dk\/blog\/wp-json\/wp\/v2\/users\/10"}],"replies":[{"embeddable":true,"href":"https:\/\/df-nyt.dk\/blog\/wp-json\/wp\/v2\/comments?post=9627"}],"version-history":[{"count":0,"href":"https:\/\/df-nyt.dk\/blog\/wp-json\/wp\/v2\/posts\/9627\/revisions"}],"wp:attachment":[{"href":"https:\/\/df-nyt.dk\/blog\/wp-json\/wp\/v2\/media?parent=9627"}],"wp:term":[{"taxonomy":"category","embeddable":true,"href":"https:\/\/df-nyt.dk\/blog\/wp-json\/wp\/v2\/categories?post=9627"},{"taxonomy":"post_tag","embeddable":true,"href":"https:\/\/df-nyt.dk\/blog\/wp-json\/wp\/v2\/tags?post=9627"}],"curies":[{"name":"wp","href":"https:\/\/api.w.org\/{rel}","templated":true}]}}