{"id":9634,"date":"2010-09-21T06:56:25","date_gmt":"2010-09-21T05:56:25","guid":{"rendered":"http:\/\/df-nyt.dk\/?p=9634"},"modified":"2025-06-26T14:11:51","modified_gmt":"2025-06-26T12:11:51","slug":"frankrig-ignorerer-kritik-fra-kommissionen","status":"publish","type":"post","link":"https:\/\/df-nyt.dk\/blog\/frankrig-ignorerer-kritik-fra-kommissionen\/","title":{"rendered":"Frankrig ignorerer kritik fra Kommissionen"},"content":{"rendered":"<p>Den franske pr\u00e6sident Nicolas Sarkozy var hovedperson ved sidste uges EU topm\u00f8de. <\/p>\n<p>Efter at det kom frem, at det franske politi &#8211; efter sigende p\u00e5 Sarkozys eget initiativ &#8211;<br \/>\nvar blevet instrueret i at g\u00f8re roma lejre til en prioritet, tr\u00e5dte EU&#8217;s \u00a0<br \/>\njustits-og borgerretskommiss\u00e6r Viviane Redings i karakter. Skriver SF i sin pressemeddelelse <\/p>\n<p>-og forts\u00e6tter<br \/>\nAt g\u00e5 efter en bestemt etnisk gruppe p\u00e5 den m\u00e5de er i strid med regler mod racediskrimination i EU&#8217;s charter om <a href=\"https:\/\/eu-oplysningen.dk\/links\/politikker\/borgerrettigheder\/\" target=\"_blank\" rel=\"noopener noreferrer\"><span style=\"text-decoration: underline;\">borgerrettigheder.<\/span><\/a><\/p>\n<p>Men den melding behagede tydeligvis ikke den franske pr\u00e6sident, som valgte at g\u00e5 i \u00e5ben krig mod Kommissionen.<\/p>\n<p>Sarkozys p\u00e5st\u00e5r h\u00e5rdnakket, at Frankrig intet ulovligt har gjort og fortsatte<br \/>\nderfor ogs\u00e5 ufortr\u00f8dent \u00a0sine udvisninger af romaer.<\/p>\n<p>Det er vigtigt, at Kommissionen fastholder, at de f\u00e6lles regler g\u00e6lder alle &#8211; ogs\u00e5 de store lande.<\/p>\n<p>Derfor sendte den Gr\u00f8nne Gruppe i sidste uge et f\u00e6lles brev afsted til Kommissionen, hvor vi udtrykkeligt opfordrer Kommissionen til se bort fra nationale s\u00e6rinteresser og ikke tillade et enkelt land at s\u00e5 tvivl om EU-institutionernes autoritet.<\/p>\n<p>For yderlig l\u00e6sning.<\/p>\n<p>Borgerrettigheder \/ Menneskerrettigheder (<a href=\"https:\/\/eu-oplysningen.dk\/links\/politikker\/borgerrettigheder\/\" target=\"_blank\" rel=\"noopener noreferrer\"><span style=\"text-decoration: underline;\">Folketingets EU- oplysning\u00a0HER<\/span><\/a>)<br \/>\n&nbsp;<br \/>\n<a href=\"http:\/\/sf.dk\/\" target=\"_blank\" rel=\"noopener noreferrer\"><u>Seneste nyt fra SF.dk<\/u><\/a><br \/>\n&nbsp;<br \/>\n<a href=\"http:\/\/greens-efa.eu\/\" target=\"_blank\" rel=\"noopener noreferrer\"><u>Se den Gr\u00f8nne gruppe i parlamentet her<\/u><\/a><\/p>\n","protected":false},"excerpt":{"rendered":"<p>Den franske pr\u00e6sident Nicolas Sarkozy var hovedperson ved sidste uges EU topm\u00f8de. Efter at det kom frem, at det franske politi &#8211; efter sigende p\u00e5 Sarkozys eget initiativ &#8211; var blevet instrueret i at g\u00f8re roma lejre til en prioritet, tr\u00e5dte EU&#8217;s \u00a0 justits-og borgerretskommiss\u00e6r Viviane Redings i karakter. Skriver SF i sin pressemeddelelse -og [&hellip;]<\/p>\n","protected":false},"author":10,"featured_media":0,"comment_status":"open","ping_status":"closed","sticky":false,"template":"","format":"standard","meta":{"footnotes":""},"categories":[1],"tags":[],"class_list":["post-9634","post","type-post","status-publish","format-standard","hentry","category-df-nyt-dk"],"_links":{"self":[{"href":"https:\/\/df-nyt.dk\/blog\/wp-json\/wp\/v2\/posts\/9634","targetHints":{"allow":["GET"]}}],"collection":[{"href":"https:\/\/df-nyt.dk\/blog\/wp-json\/wp\/v2\/posts"}],"about":[{"href":"https:\/\/df-nyt.dk\/blog\/wp-json\/wp\/v2\/types\/post"}],"author":[{"embeddable":true,"href":"https:\/\/df-nyt.dk\/blog\/wp-json\/wp\/v2\/users\/10"}],"replies":[{"embeddable":true,"href":"https:\/\/df-nyt.dk\/blog\/wp-json\/wp\/v2\/comments?post=9634"}],"version-history":[{"count":5,"href":"https:\/\/df-nyt.dk\/blog\/wp-json\/wp\/v2\/posts\/9634\/revisions"}],"predecessor-version":[{"id":108249,"href":"https:\/\/df-nyt.dk\/blog\/wp-json\/wp\/v2\/posts\/9634\/revisions\/108249"}],"wp:attachment":[{"href":"https:\/\/df-nyt.dk\/blog\/wp-json\/wp\/v2\/media?parent=9634"}],"wp:term":[{"taxonomy":"category","embeddable":true,"href":"https:\/\/df-nyt.dk\/blog\/wp-json\/wp\/v2\/categories?post=9634"},{"taxonomy":"post_tag","embeddable":true,"href":"https:\/\/df-nyt.dk\/blog\/wp-json\/wp\/v2\/tags?post=9634"}],"curies":[{"name":"wp","href":"https:\/\/api.w.org\/{rel}","templated":true}]}}