{"id":9649,"date":"2010-09-21T13:25:07","date_gmt":"2010-09-21T12:25:07","guid":{"rendered":"http:\/\/df-nyt.dk\/?p=9649"},"modified":"2024-10-22T06:16:48","modified_gmt":"2024-10-22T04:16:48","slug":"mogens-tilsted-christensen-%e2%80%8e-nu-ogsa-tegn-pa-systemskifte-sverige-tillykke-sverige","status":"publish","type":"post","link":"https:\/\/df-nyt.dk\/blog\/mogens-tilsted-christensen-%e2%80%8e-nu-ogsa-tegn-pa-systemskifte-sverige-tillykke-sverige\/","title":{"rendered":"Mogens Tilsted Christensen \u200e- NU OGS\u00c5 TEGN P\u00c5 ET SYSTEMSKIFTE I SVERIGE&#8230; TILLYKKE SVERIGE"},"content":{"rendered":"<p><img loading=\"lazy\" decoding=\"async\" class=\"alignnone size-full \" src=\"https:\/\/df-nyt.dk\/\/wp-content\/uploads\/130820130708.png\" alt=\"130820130708\" width=\"482\" height=\"140\" \/><br \/>\n<img loading=\"lazy\" decoding=\"async\" class=\"alignnone size-full \" src=\"https:\/\/df-nyt.dk\/\/wp-content\/uploads\/130820130714.png\" alt=\"130820130714\" width=\"390\" height=\"98\" \/><\/p>\n<p>Screenshots fra Mogens Tilsted Christensen offentlige Facebook-v\u00e6g<br \/>\nScreenshots fra Mogens Tilsted Christensen offentlige \/\/www.facebook.com \/TEOLOGEN.DK#!\/TEOLOGEN.DK? sk=wall&#8221; Facebook-v\u00e6g<\/p>\n<p>Fik du det du ville, kan du &#8220;h\u00f8re din melodi&#8221; ?<\/p>\n<p>Sverigedemokrater sat skakmat af 12-\u00e5rige<br \/>\nBlev forn\u00e6rmede, da skoleklasse stillede kritiske sp\u00f8rgsm\u00e5l til deres valgvideo. <a href=\"http:\/\/ekstrabladet.dk\/nyheder\/politik\/article1413613.ece\" target=\"_blank\" rel=\"noopener noreferrer\"><span style=\"text-decoration: underline;\">\/\/ekstrabladet.dk \/nyheder &#8211; L\u00e6s det HER<\/span><\/a><\/p>\n<p>Sverigedemokrat i slagsm\u00e5l i nat<br \/>\nEn af Sverigedemokraternas kandidater til Riksdagen var angiveligt i slagsm\u00e5l i det centrale Stockholm. If\u00f8lge en politianmeldelse skal politikeren sammen med to andre medlemmer af Sverigedemokratarna have mishandlet en forbipasserende. \u00a0<a href=\"http:\/\/ekstrabladet.dk\/nyheder\/politik\/article1414215.ece\" target=\"_blank\" rel=\"noopener noreferrer\"><span style=\"text-decoration: underline;\">\/\/ekstrabladet.dk \/nyheder L\u00e6s det HER<\/span><\/a><\/p>\n<p>Sverigedemokraternes \u00bbhvide\u00ab samvittighed<br \/>\nFlere kandidater fra Sverigedemokraterne har st\u00e6rke b\u00e5nd til white-power milj\u00f8et og den nazistiske undergrund. <a href=\"https:\/\/alertamagazine.wordpress.com\/2010\/09\/18\/sverigedemokraternes-%C2%BBhvide%C2%AB-samvittighed\/\" target=\"_blank\" rel=\"noopener noreferrer\"><span style=\"text-decoration: underline;\">L\u00e6s det &#8211; HER<\/span><\/a><\/p>\n<p>Svenske l\u00e6ger: Han skar selv hagekorset<br \/>\nSverigedemokraten David Von Arnold Antoni skar angiveligt selv et hagekors i panden. <a href=\"http:\/\/ekstrabladet.dk\/nyheder\/politik\/article1413648.ece\" target=\"_blank\" rel=\"noopener noreferrer\"><span style=\"text-decoration: underline;\">\/\/ekstrabladet.dk \/nyheder &#8211; L\u00e6s det HER<\/span><\/a><\/p>\n<p>Nazist er valgt ind i svensk byr\u00e5d<br \/>\nSvenskernas Parti vinder en byr\u00e5dsplads i kommunen Gr\u00e4storp. Partiet fejrer dog ikke l\u00e6ngere Adolf Hitlers f\u00f8dselsdag. <a href=\"http:\/\/ekstrabladet.dk\/nyheder\/politik\/article1414475.ece\" target=\"_blank\" rel=\"noopener noreferrer\"><span style=\"text-decoration: underline;\">\/\/ekstrabladet.dk \/nyheder &#8211; L\u00e6s det HER<\/span><\/a><\/p>\n<p>For yderlig l\u00e6sning.<\/p>\n<p>Michael J\u00f8rgensens lille tjat-veninde fik god opbakning. <a href=\"https:\/\/df-nyt.dk\/?p=9589\" target=\"_blank\" rel=\"noopener noreferrer\"><span style=\"text-decoration: underline;\">Se det HER\u00a0<\/span><\/a><\/p>\n","protected":false},"excerpt":{"rendered":"<p>Screenshots fra Mogens Tilsted Christensen offentlige Facebook-v\u00e6g Screenshots fra Mogens Tilsted Christensen offentlige \/\/www.facebook.com \/TEOLOGEN.DK#!\/TEOLOGEN.DK? sk=wall&#8221; Facebook-v\u00e6g Fik du det du ville, kan du &#8220;h\u00f8re din melodi&#8221; ? Sverigedemokrater sat skakmat af 12-\u00e5rige Blev forn\u00e6rmede, da skoleklasse stillede kritiske sp\u00f8rgsm\u00e5l til deres valgvideo. \/\/ekstrabladet.dk \/nyheder &#8211; L\u00e6s det HER Sverigedemokrat i slagsm\u00e5l i nat En [&hellip;]<\/p>\n","protected":false},"author":10,"featured_media":0,"comment_status":"open","ping_status":"closed","sticky":false,"template":"","format":"standard","meta":{"footnotes":""},"categories":[1],"tags":[],"class_list":["post-9649","post","type-post","status-publish","format-standard","hentry","category-df-nyt-dk"],"_links":{"self":[{"href":"https:\/\/df-nyt.dk\/blog\/wp-json\/wp\/v2\/posts\/9649","targetHints":{"allow":["GET"]}}],"collection":[{"href":"https:\/\/df-nyt.dk\/blog\/wp-json\/wp\/v2\/posts"}],"about":[{"href":"https:\/\/df-nyt.dk\/blog\/wp-json\/wp\/v2\/types\/post"}],"author":[{"embeddable":true,"href":"https:\/\/df-nyt.dk\/blog\/wp-json\/wp\/v2\/users\/10"}],"replies":[{"embeddable":true,"href":"https:\/\/df-nyt.dk\/blog\/wp-json\/wp\/v2\/comments?post=9649"}],"version-history":[{"count":2,"href":"https:\/\/df-nyt.dk\/blog\/wp-json\/wp\/v2\/posts\/9649\/revisions"}],"predecessor-version":[{"id":105934,"href":"https:\/\/df-nyt.dk\/blog\/wp-json\/wp\/v2\/posts\/9649\/revisions\/105934"}],"wp:attachment":[{"href":"https:\/\/df-nyt.dk\/blog\/wp-json\/wp\/v2\/media?parent=9649"}],"wp:term":[{"taxonomy":"category","embeddable":true,"href":"https:\/\/df-nyt.dk\/blog\/wp-json\/wp\/v2\/categories?post=9649"},{"taxonomy":"post_tag","embeddable":true,"href":"https:\/\/df-nyt.dk\/blog\/wp-json\/wp\/v2\/tags?post=9649"}],"curies":[{"name":"wp","href":"https:\/\/api.w.org\/{rel}","templated":true}]}}