{"id":96558,"date":"2018-04-17T06:49:43","date_gmt":"2018-04-17T04:49:43","guid":{"rendered":"http:\/\/df-nyt.dk\/?p=96558"},"modified":"2024-02-05T22:21:33","modified_gmt":"2024-02-05T21:21:33","slug":"det-syvende-miljoebehandlingsplan-evalueres","status":"publish","type":"post","link":"https:\/\/df-nyt.dk\/blog\/det-syvende-miljoebehandlingsplan-evalueres\/","title":{"rendered":"Det syvende milj\u00f8behandlingsplan evalueres"},"content":{"rendered":"<p><img loading=\"lazy\" decoding=\"async\" src=\"https:\/\/df-nyt.dk\/wp-content\/uploads\/2018\/02\/200220180723.png\" alt=\"\" width=\"289\" height=\"65\" class=\"alignnone\" \/><br \/>\nDet syvende milj\u00f8behandlingsplan evalueres<br \/>\nMargrete har v\u00e6ret de Gr\u00f8nnes forhandler p\u00e5 Parlamentets rapport om midtvejsevalueringen af det syvende milj\u00f8handlingsprogram. Skriver man i Margrete Aukens pressemeddelelse <\/p>\n<p>\u2013og forts\u00e6tter<br \/>\nStudier har vist at milj\u00f8handlings-programmet er effektivt, men at det halter gevaldigt med implementeringen i medlemslandene med store konsekvenser for de europ\u00e6iske borgere.<\/p>\n<p>Luftforurening kr\u00e6ver fx 400.000 liv om \u00e5ret p\u00e5 tv\u00e6rs af EU og er dertil vurderet til at koste de Europ\u00e6iske samfund imellem 330 og 940 milliarder Euro i sundhedsomkostninger.<\/p>\n<p>Programmet l\u00f8ber fra 2013 til 2020, og det ser ikke ud til at de fastsatte m\u00e5l bliver n\u00e5et. Flere af m\u00e5lene p\u00e5 sundhedsomr\u00e5det kan heller ikke vurderes ordentligt da der mangler data.<\/p>\n<p>P\u00e5 klima og ressourceeffektivitet ser det ud til at m\u00e5lene m\u00e5ske kan n\u00e5s hvorimod det ser meget sort ud for alle m\u00e5l for natur og biodiversitet.<\/p>\n<p>Parlamentet stemmer om sin rapport tirsdag, og der er bred st\u00f8tte til de kritiske konklusioner. Samtidig er der opbakning til at der skal laves et ottende milj\u00f8handlingsprogram for hele EU.<\/p>\n<p>For yderlig l\u00e6sning<\/p>\n<p><a href=\"https:\/\/sf.dk\/\" rel=\"noopener noreferrer\" target=\"_blank\"><span style=\"text-decoration: underline\"> Seneste nyt fra SF<\/span><\/a><br \/>\n&nbsp;<br \/>\n<a href=\"https:\/\/greens-efa.eu\/en\/\" target=\"_blank\" rel=\"noopener noreferrer\"><span style=\"text-decoration: underline;\">Se den Gr\u00f8nne gruppe i parlamentet her<\/span><\/a><br \/>\n&nbsp;<\/p>\n","protected":false},"excerpt":{"rendered":"<p>Det syvende milj\u00f8behandlingsplan evalueres Margrete har v\u00e6ret de Gr\u00f8nnes forhandler p\u00e5 Parlamentets rapport om midtvejsevalueringen af det syvende milj\u00f8handlingsprogram. Skriver man i Margrete Aukens pressemeddelelse \u2013og forts\u00e6tter Studier har vist at milj\u00f8handlings-programmet er effektivt, men at det halter gevaldigt med implementeringen i medlemslandene med store konsekvenser for de europ\u00e6iske borgere. Luftforurening kr\u00e6ver fx 400.000 liv [&hellip;]<\/p>\n","protected":false},"author":10,"featured_media":0,"comment_status":"open","ping_status":"closed","sticky":false,"template":"","format":"standard","meta":{"footnotes":""},"categories":[1],"tags":[],"class_list":["post-96558","post","type-post","status-publish","format-standard","hentry","category-df-nyt-dk"],"_links":{"self":[{"href":"https:\/\/df-nyt.dk\/blog\/wp-json\/wp\/v2\/posts\/96558","targetHints":{"allow":["GET"]}}],"collection":[{"href":"https:\/\/df-nyt.dk\/blog\/wp-json\/wp\/v2\/posts"}],"about":[{"href":"https:\/\/df-nyt.dk\/blog\/wp-json\/wp\/v2\/types\/post"}],"author":[{"embeddable":true,"href":"https:\/\/df-nyt.dk\/blog\/wp-json\/wp\/v2\/users\/10"}],"replies":[{"embeddable":true,"href":"https:\/\/df-nyt.dk\/blog\/wp-json\/wp\/v2\/comments?post=96558"}],"version-history":[{"count":6,"href":"https:\/\/df-nyt.dk\/blog\/wp-json\/wp\/v2\/posts\/96558\/revisions"}],"predecessor-version":[{"id":102145,"href":"https:\/\/df-nyt.dk\/blog\/wp-json\/wp\/v2\/posts\/96558\/revisions\/102145"}],"wp:attachment":[{"href":"https:\/\/df-nyt.dk\/blog\/wp-json\/wp\/v2\/media?parent=96558"}],"wp:term":[{"taxonomy":"category","embeddable":true,"href":"https:\/\/df-nyt.dk\/blog\/wp-json\/wp\/v2\/categories?post=96558"},{"taxonomy":"post_tag","embeddable":true,"href":"https:\/\/df-nyt.dk\/blog\/wp-json\/wp\/v2\/tags?post=96558"}],"curies":[{"name":"wp","href":"https:\/\/api.w.org\/{rel}","templated":true}]}}