{"id":9664,"date":"2010-09-21T14:05:55","date_gmt":"2010-09-21T13:05:55","guid":{"rendered":"http:\/\/df-nyt.dk\/?p=9664"},"modified":"2026-01-01T17:41:21","modified_gmt":"2026-01-01T16:41:21","slug":"rvestager-holder-klassens-time-pa-naesby-skole-og-besoger-vollsmose","status":"publish","type":"post","link":"https:\/\/df-nyt.dk\/blog\/rvestager-holder-klassens-time-pa-naesby-skole-og-besoger-vollsmose\/","title":{"rendered":"R: Vestager holder klassens time p\u00e5 N\u00e6sby Skole og bes\u00f8ger Vollsmose"},"content":{"rendered":"<p>Tirsdag den 21. september bes\u00f8ger gruppeformand Margrethe Vestager Odense som en del af Radikale Venstres landsturn\u00e9.<\/p>\n<p>Her holder hun klassens time p\u00e5 N\u00e6sby Skole, bes\u00f8ger Odenses &#8220;Etniske Jobteams&#8221; i Vollsmose og v\u00e6kstvirksomheden TeamOnline samt deler foldere ud i Bazar Fyn. Pressen er velkommen hele dagen. Skriver de Radikale i pressemeddelelsen<\/p>\n<p>Og de Radikale forts\u00e6tter med f\u00f8lgende<br \/>\nOdense-bes\u00f8get er et led i Radikale Venstres landsd\u00e6kkende &#8220;Tag ansvar&#8221;-kampagne med plakater over alt i landet og annoncer p\u00e5 landets st\u00f8rste nyhedssites.<br \/>\nRadikale Venstres m\u00e6rkesager er \u00f8konomi, udl\u00e6ndingepolitik og uddannelse, og det er de tre m\u00e6rkesager, partiet med kampagnen s\u00e6tter p\u00e5 dagsordenen ved bes\u00f8get i Odense.<\/p>\n<p>Dagen begynder kl. 9.00 p\u00e5 N\u00e6sby Skole, hvor Margrethe Vestager blandt andet vil holde klassens time for skolens 10. klasses elever. Kl. 11.30 g\u00e5r turen til de &#8220;Etniske Jobteams&#8221; i Vollsmose, der er en integrationssucces i Odense.<\/p>\n<p>V\u00e6kstvirksomheden TeamOnline (<a href=\"http:\/\/www.teamonline.dk\">www.teamonline.dk<\/a>) har skabt en digital platform for den sociale sektor i Danmark, hvor kolde h\u00e6nder bliver gjort varme &#8211; denne virksomhed bes\u00f8ger Margrethe Vestager kl. 15.00. Odense-bes\u00f8get afsluttes hos Bazar Fyn, hvor Niels Helveg Petersen og Margrethe Vestager sammen med Radikale st\u00f8tter vil snakke med borgerne og dele foldere ud.<\/p>\n<p>Margrethe Vestagers program for tirsdag den 21. september:<br \/>\nKl. 09.00-11.00 Bes\u00f8g p\u00e5 N\u00e6sby Skole<br \/>\nKl. 11.30-15.00 Bes\u00f8g i Vollsmose hos &#8220;Etniske Jobteams&#8221;<br \/>\nKl. 15.00-16.00 Bes\u00f8g hos det innovative IT-firma TeamOnLine.<br \/>\nKl. 16.30 Bes\u00f8g i Bazar Fyn sammen med Niels Helveg Petersen<br \/>\nPressen er velkommen til alle arrangementer.<\/p>\n<p>Du kan l\u00e6se mere om den landsd\u00e6kkende kampagne og de radikale m\u00e6rkesager der:<br \/>\n\/\/www.radikale.dk&#8221;  www.radikale.dk  Skriver man i pressemeddelelsen.<\/p>\n","protected":false},"excerpt":{"rendered":"<p>Tirsdag den 21. september bes\u00f8ger gruppeformand Margrethe Vestager Odense som en del af Radikale Venstres landsturn\u00e9. Her holder hun klassens time p\u00e5 N\u00e6sby Skole, bes\u00f8ger Odenses &#8220;Etniske Jobteams&#8221; i Vollsmose og v\u00e6kstvirksomheden TeamOnline samt deler foldere ud i Bazar Fyn. Pressen er velkommen hele dagen. Skriver de Radikale i pressemeddelelsen Og de Radikale forts\u00e6tter med [&hellip;]<\/p>\n","protected":false},"author":10,"featured_media":0,"comment_status":"open","ping_status":"closed","sticky":false,"template":"","format":"standard","meta":{"footnotes":""},"categories":[1],"tags":[],"class_list":["post-9664","post","type-post","status-publish","format-standard","hentry","category-df-nyt-dk"],"_links":{"self":[{"href":"https:\/\/df-nyt.dk\/blog\/wp-json\/wp\/v2\/posts\/9664","targetHints":{"allow":["GET"]}}],"collection":[{"href":"https:\/\/df-nyt.dk\/blog\/wp-json\/wp\/v2\/posts"}],"about":[{"href":"https:\/\/df-nyt.dk\/blog\/wp-json\/wp\/v2\/types\/post"}],"author":[{"embeddable":true,"href":"https:\/\/df-nyt.dk\/blog\/wp-json\/wp\/v2\/users\/10"}],"replies":[{"embeddable":true,"href":"https:\/\/df-nyt.dk\/blog\/wp-json\/wp\/v2\/comments?post=9664"}],"version-history":[{"count":3,"href":"https:\/\/df-nyt.dk\/blog\/wp-json\/wp\/v2\/posts\/9664\/revisions"}],"predecessor-version":[{"id":110608,"href":"https:\/\/df-nyt.dk\/blog\/wp-json\/wp\/v2\/posts\/9664\/revisions\/110608"}],"wp:attachment":[{"href":"https:\/\/df-nyt.dk\/blog\/wp-json\/wp\/v2\/media?parent=9664"}],"wp:term":[{"taxonomy":"category","embeddable":true,"href":"https:\/\/df-nyt.dk\/blog\/wp-json\/wp\/v2\/categories?post=9664"},{"taxonomy":"post_tag","embeddable":true,"href":"https:\/\/df-nyt.dk\/blog\/wp-json\/wp\/v2\/tags?post=9664"}],"curies":[{"name":"wp","href":"https:\/\/api.w.org\/{rel}","templated":true}]}}