{"id":9672,"date":"2010-09-21T14:35:31","date_gmt":"2010-09-21T13:35:31","guid":{"rendered":"http:\/\/df-nyt.dk\/?p=9672"},"modified":"2016-05-16T01:08:57","modified_gmt":"2016-05-15T23:08:57","slug":"r-frems%c3%a6tter-forslag-om-den-fleksible-ungdomsuddannelse","status":"publish","type":"post","link":"https:\/\/df-nyt.dk\/blog\/r-frems%c3%a6tter-forslag-om-den-fleksible-ungdomsuddannelse\/","title":{"rendered":"R: Frems\u00e6tter forslag om &#8220;Den Fleksible Ungdomsuddannelse&#8221;"},"content":{"rendered":"<p><strong>N\u00e5r det kommer til at give unge en uddannelse, sakker Danmark l\u00e6ngere og l\u00e6ngere bagud sammenlignet med de \u00f8vrige vestlige lande. <\/strong><\/p>\n<p><strong>Faktisk er vi blot et af to OECD-lande, hvor andelen af befolkningen med en ungdomsuddannelse er faldet fra 1998 til 2008. <\/strong><\/p>\n<p><strong>Radikale Venstres uddannelsesordf\u00f8rer Marianne Jelved kalder regeringens indsats &#8220;pinlig&#8221; og genfrems\u00e6tter forslaget om den &#8220;Den Fleksible Ungdomsuddannelse&#8221;.<\/strong><\/p>\n<p>&#8220;Det er direkte pinligt, at regeringen har ladet Danmark sakke s\u00e5 langt bagud, n\u00e5r det kommer til at give unge mennesker en uddannelse.<\/p>\n<p>Alle de lande, vi normalt sammenligner os med, har opdaget, at uddannelse er den eneste vej frem, hvis man \u00f8nsker en konkurrencedygtig \u00f8konomi i en globaliseret verden.<\/p>\n<p>Hvorfor kan Danmarks regering ikke forst\u00e5 det? Hvorfor v\u00e6lger regeringen uddannelse som det f\u00f8rste sted at spare, n\u00e5r der skal rettes op p\u00e5 Danmarks \u00f8delagte \u00f8konomi?<\/p>\n<p>Det er ikke den vej, andre lande har valgt at g\u00e5, og det er ikke den vej, Radikale Venstre \u00f8nsker at g\u00e5,&#8221; siger Marianne Jelved.<\/p>\n<p>Hun \u00f8nsker at give flere muligheder for at tage en ungdomsuddannelse og genfrems\u00e6tter derfor et tidligere forslag:<\/p>\n<p>&#8220;Vi er n\u00f8dt til at give flere muligheder for ungdomsuddannelser.<\/p>\n<p><strong>Oppositionen har fremsat et forslag om Den Fleksible Ungdomsuddannelse, hvor unge inden for nogle faste rammer kan sammens\u00e6tte deres uddannelse, der giver dem relevante kompetencer. <\/strong><\/p>\n<p><strong>Det forslag vil vi frems\u00e6tte igen, n\u00e5r Folketinget samles til oktober,&#8221; siger Marianne Jelved. Skriver R i en pressemeddelse. Du kan l\u00e6se mere <a href=\"http:\/\/tagansvar.radikale.dk\/\">HER <\/a>&lt;&lt;&lt;<\/strong><\/p>\n<p><strong>Se ogs\u00e5, R: Skatteministeren m\u00e5 redeg\u00f8re for 1.000 milliarder. <a href=\"http:\/\/df-nyt.dk\/?p=8858\">Se det HER <\/a>&lt;&lt;&lt;<\/strong><\/p>\n<p><strong>************************************************************<\/strong><\/p>\n","protected":false},"excerpt":{"rendered":"<p>N\u00e5r det kommer til at give unge en uddannelse, sakker Danmark l\u00e6ngere og l\u00e6ngere bagud sammenlignet med de \u00f8vrige vestlige lande. Faktisk er vi blot et af to OECD-lande, hvor andelen af befolkningen med en ungdomsuddannelse er faldet fra 1998 til 2008. Radikale Venstres uddannelsesordf\u00f8rer Marianne Jelved kalder regeringens indsats &#8220;pinlig&#8221; og genfrems\u00e6tter forslaget om [&hellip;]<\/p>\n","protected":false},"author":10,"featured_media":0,"comment_status":"open","ping_status":"closed","sticky":false,"template":"","format":"standard","meta":{"footnotes":""},"categories":[1],"tags":[],"class_list":["post-9672","post","type-post","status-publish","format-standard","hentry","category-df-nyt-dk"],"_links":{"self":[{"href":"https:\/\/df-nyt.dk\/blog\/wp-json\/wp\/v2\/posts\/9672","targetHints":{"allow":["GET"]}}],"collection":[{"href":"https:\/\/df-nyt.dk\/blog\/wp-json\/wp\/v2\/posts"}],"about":[{"href":"https:\/\/df-nyt.dk\/blog\/wp-json\/wp\/v2\/types\/post"}],"author":[{"embeddable":true,"href":"https:\/\/df-nyt.dk\/blog\/wp-json\/wp\/v2\/users\/10"}],"replies":[{"embeddable":true,"href":"https:\/\/df-nyt.dk\/blog\/wp-json\/wp\/v2\/comments?post=9672"}],"version-history":[{"count":0,"href":"https:\/\/df-nyt.dk\/blog\/wp-json\/wp\/v2\/posts\/9672\/revisions"}],"wp:attachment":[{"href":"https:\/\/df-nyt.dk\/blog\/wp-json\/wp\/v2\/media?parent=9672"}],"wp:term":[{"taxonomy":"category","embeddable":true,"href":"https:\/\/df-nyt.dk\/blog\/wp-json\/wp\/v2\/categories?post=9672"},{"taxonomy":"post_tag","embeddable":true,"href":"https:\/\/df-nyt.dk\/blog\/wp-json\/wp\/v2\/tags?post=9672"}],"curies":[{"name":"wp","href":"https:\/\/api.w.org\/{rel}","templated":true}]}}