{"id":9680,"date":"2010-09-21T17:16:14","date_gmt":"2010-09-21T16:16:14","guid":{"rendered":"http:\/\/df-nyt.dk\/?p=9680"},"modified":"2024-11-02T07:31:49","modified_gmt":"2024-11-02T06:31:49","slug":"danske-soldater-har-det-af-helvede-til","status":"publish","type":"post","link":"https:\/\/df-nyt.dk\/blog\/danske-soldater-har-det-af-helvede-til\/","title":{"rendered":"Danske soldater har det af helvede til"},"content":{"rendered":"<p><img loading=\"lazy\" decoding=\"async\" class=\"alignleft \" src=\"https:\/\/df-nyt.dk\/\/wp-content\/uploads\/210120130622.png\" alt=\"210120130622\" width=\"97\" height=\"103\" \/><\/p>\n<p>Forsvaret sk\u00f8nner, at 2.000-3.000 danske soldater i dag lider af s\u00e5 alvorlige traumer og psykiske lidelser, at de ikke kan opretholde en almindelig tilv\u00e6relse.<\/p>\n<p>Flere eksperter vurderer dog, at Danmark kun har set &#8216;toppen af isbjerget.&#8217;<\/p>\n<p>Ca. fem pct. af soldaterne har betydelige psykiske efterreaktioner,<br \/>\nsyv-otte m\u00e5neder efter at de kommet hjem fra krig.<\/p>\n<p>0,6 procent angav, at de havde alvorlige overvejelser om selvmord 7-8 m\u00e5neder efter hjemkomsten.<\/p>\n<p>Internationale studier indikerer, at 2-24 pct. soldater udvikler posttraumatisk stresssyndrom (PTSD), st\u00e5r der i unders\u00f8gelsen, som konkluderer:<\/p>\n<p>-De danske soldaters symptomniveau placerer sig i den lave ende, sammenlignet med andre krigsf\u00f8rende nationer. Psykolog Mette Bertelsen fra Forsvarsakademiet er leder af unders\u00f8gelsen. Kilde, Netavisen \/\/jp.dk\/&#8221;<\/p>\n<p>For yderlig l\u00e6sning.<\/p>\n<p><a href=\"https:\/\/df-nyt.dk\/?p=8382\" target=\"_blank\" rel=\"noopener noreferrer\"><span style=\"text-decoration: underline;\">Hjem fra krigen i Afghanistan og i F\u00e6ngsel &#8211; L\u00e6s det HER <\/span><\/a><\/p>\n<p>18. juli 2010.<br \/>\nDanske styrker skal hverken tr\u00e6kkes hjem fra Helmand-provinsen eller Afghanistan i 2011, \u2013 siger Dansk Folkepartis udenrigsordf\u00f8rer S\u00f8ren Espersen. if\u00f8lge Netavisen fyns.dk \/\/fyens.dk\/article\/1645536:Indland-Fyn&#8211;DF-afviser-hurtig-afsked-med-Afghanistan&#8221;<\/p>\n<p>Netavisen \/\/politiken.dk\/debat\/article1035913. Nej tak til mindegudstjeneste,<\/p>\n<p>K\u00e6re Gitte Lillelund Bech og formand for Folketinget Thor Pedersen.<br \/>\nTak for indbydelsen til mindegudstjenesten i Holmens Kirke, den 5. september kl. 12, men nej tak. &#8211; Nej tak af flere grunde, men f\u00f8rst er det nok p\u00e5 sin plads at minde jer om, hvorfor jeg fik invitationen til at starte med.<\/p>\n<hr \/>\n","protected":false},"excerpt":{"rendered":"<p>Forsvaret sk\u00f8nner, at 2.000-3.000 danske soldater i dag lider af s\u00e5 alvorlige traumer og psykiske lidelser, at de ikke kan opretholde en almindelig tilv\u00e6relse. Flere eksperter vurderer dog, at Danmark kun har set &#8216;toppen af isbjerget.&#8217; Ca. fem pct. af soldaterne har betydelige psykiske efterreaktioner, syv-otte m\u00e5neder efter at de kommet hjem fra krig. 0,6 [&hellip;]<\/p>\n","protected":false},"author":10,"featured_media":0,"comment_status":"open","ping_status":"closed","sticky":false,"template":"","format":"standard","meta":{"footnotes":""},"categories":[1],"tags":[],"class_list":["post-9680","post","type-post","status-publish","format-standard","hentry","category-df-nyt-dk"],"_links":{"self":[{"href":"https:\/\/df-nyt.dk\/blog\/wp-json\/wp\/v2\/posts\/9680","targetHints":{"allow":["GET"]}}],"collection":[{"href":"https:\/\/df-nyt.dk\/blog\/wp-json\/wp\/v2\/posts"}],"about":[{"href":"https:\/\/df-nyt.dk\/blog\/wp-json\/wp\/v2\/types\/post"}],"author":[{"embeddable":true,"href":"https:\/\/df-nyt.dk\/blog\/wp-json\/wp\/v2\/users\/10"}],"replies":[{"embeddable":true,"href":"https:\/\/df-nyt.dk\/blog\/wp-json\/wp\/v2\/comments?post=9680"}],"version-history":[{"count":3,"href":"https:\/\/df-nyt.dk\/blog\/wp-json\/wp\/v2\/posts\/9680\/revisions"}],"predecessor-version":[{"id":106368,"href":"https:\/\/df-nyt.dk\/blog\/wp-json\/wp\/v2\/posts\/9680\/revisions\/106368"}],"wp:attachment":[{"href":"https:\/\/df-nyt.dk\/blog\/wp-json\/wp\/v2\/media?parent=9680"}],"wp:term":[{"taxonomy":"category","embeddable":true,"href":"https:\/\/df-nyt.dk\/blog\/wp-json\/wp\/v2\/categories?post=9680"},{"taxonomy":"post_tag","embeddable":true,"href":"https:\/\/df-nyt.dk\/blog\/wp-json\/wp\/v2\/tags?post=9680"}],"curies":[{"name":"wp","href":"https:\/\/api.w.org\/{rel}","templated":true}]}}