{"id":9693,"date":"2010-09-22T06:48:48","date_gmt":"2010-09-22T05:48:48","guid":{"rendered":"http:\/\/df-nyt.dk\/?p=9693"},"modified":"2026-01-10T18:07:12","modified_gmt":"2026-01-10T17:07:12","slug":"pa-flugt-europa-strandet-pa-christiansborgs-slotsplads","status":"publish","type":"post","link":"https:\/\/df-nyt.dk\/blog\/pa-flugt-europa-strandet-pa-christiansborgs-slotsplads\/","title":{"rendered":"P\u00e5 flugt i Europa, strandet p\u00e5 Christiansborgs slotsplads"},"content":{"rendered":"<p>P\u00e5 flugt i Europa, strandet p\u00e5 Christiansborgs slotsplads<\/p>\n<p><img loading=\"lazy\" decoding=\"async\" src=\"https:\/\/df-nyt.dk\/\/wp-content\/uploads\/2010\/09\/220920100733.png\" alt=\"\" width=\"300\" height=\"231\" class=\"alignnone size-full \" \/><\/p>\n<p>Som man ser dem ligge der i den begyndende nattekulde<br \/>\nt\u00e6nker man uvilk\u00e5rligt &#8211; &#8216;Hvor skal\u00a0de sove i nat.&#8217;<\/p>\n<p>En tragisk asylpolitik, som mishandler og \u00f8del\u00e6gger mennesker og som er langt udenfor hvad Danmark har tilsluttet sig i EU\u2019s charter om menneskerettigheder.<\/p>\n<p><img loading=\"lazy\" decoding=\"async\" class=\"alignnone size-full \" src=\"https:\/\/df-nyt.dk\/\/wp-content\/uploads\/210920100854.png\" alt=\"210920100854\" width=\"157\" height=\"209\" \/><\/p>\n<p>En asylpolitik som har sk\u00e6ndet Danmarks navn overalt i verdenen, og samtidig en asylpolitik som udelukkende er vedtaget af populistiske grunde, fordi det giver stemmer til\u00a0Dansk Folkeparti.<\/p>\n<p>Partiet, vis eksistens\u00a0hviler p\u00e5 at stigmatisere mindretalsgrupper, &#8211; n\u00e5r de ind imellem f\u00e5r tid\u00a0for deres evindelige jagt p\u00e5 enkeltpersoner.<\/p>\n<p>Nu blev udvisningen af dem stoppet, da der blev trukket i n\u00f8dbremsen, men hvor l\u00e6nge?<\/p>\n<p>De er de en del af den sultestrejkende gruppe af Syriske Kurdere,\u00a0<br \/>\nsom er et jaget folk, selv i deres hjemland Syrien.<br \/>\n&nbsp;<br \/>\n<iframe loading=\"lazy\" src=\"https:\/\/youtube.com\/embed\/sBFmaAtt5_c? \" width=\"400\" height=\"225\" frameborder=\"0\" \"><\/iframe><br \/>\n&nbsp;<br \/>\nFor yderlig l\u00e6sning<br \/>\n&nbsp;<br \/>\n<a href=\"https:\/\/df-nyt.dk\/?p=9762\"><span style=\"text-decoration: underline;\">Afviste Kurdiske flygtninge sulter for asyl<\/span> <\/a>&lt;&lt;&lt;<br \/>\n&nbsp;<br \/>\n<a href=\"https:\/\/df-nyt.dk\/frankrig-ignorerer-kritik-fra-kommissionen\/\"><span style=\"text-decoration: underline;\">Frankrig ignorerer kritik fra Kommissionen<\/span>\u00a0<\/a><a href=\"https:\/\/df-nyt.dk\/?p=9693\"><span style=\"text-decoration: underline;\">Kurdere vil sultestrejke i protest mod udvisning<\/span><\/a><br \/>\n&nbsp;<br \/>\n<a href=\"https:\/\/df-nyt.dk\/?p=5988\"><span style=\"text-decoration: underline;\">SF gl\u00e6der sig over stop for hjemsendelser til Gr\u00e6kenland. Det er helt p\u00e5 sin plads, at Den Europ\u00e6iske Menneskerettighedsdomstol nu siger stop for, at Danmark returnerer asylans\u00f8gere til Gr\u00e6kenland.<\/span><\/a><br \/>\n&nbsp;<\/p>\n","protected":false},"excerpt":{"rendered":"<p>P\u00e5 flugt i Europa, strandet p\u00e5 Christiansborgs slotsplads Som man ser dem ligge der i den begyndende nattekulde t\u00e6nker man uvilk\u00e5rligt &#8211; &#8216;Hvor skal\u00a0de sove i nat.&#8217; En tragisk asylpolitik, som mishandler og \u00f8del\u00e6gger mennesker og som er langt udenfor hvad Danmark har tilsluttet sig i EU\u2019s charter om menneskerettigheder. En asylpolitik som har sk\u00e6ndet [&hellip;]<\/p>\n","protected":false},"author":10,"featured_media":0,"comment_status":"open","ping_status":"closed","sticky":false,"template":"","format":"standard","meta":{"footnotes":""},"categories":[1],"tags":[],"class_list":["post-9693","post","type-post","status-publish","format-standard","hentry","category-df-nyt-dk"],"_links":{"self":[{"href":"https:\/\/df-nyt.dk\/blog\/wp-json\/wp\/v2\/posts\/9693","targetHints":{"allow":["GET"]}}],"collection":[{"href":"https:\/\/df-nyt.dk\/blog\/wp-json\/wp\/v2\/posts"}],"about":[{"href":"https:\/\/df-nyt.dk\/blog\/wp-json\/wp\/v2\/types\/post"}],"author":[{"embeddable":true,"href":"https:\/\/df-nyt.dk\/blog\/wp-json\/wp\/v2\/users\/10"}],"replies":[{"embeddable":true,"href":"https:\/\/df-nyt.dk\/blog\/wp-json\/wp\/v2\/comments?post=9693"}],"version-history":[{"count":5,"href":"https:\/\/df-nyt.dk\/blog\/wp-json\/wp\/v2\/posts\/9693\/revisions"}],"predecessor-version":[{"id":111113,"href":"https:\/\/df-nyt.dk\/blog\/wp-json\/wp\/v2\/posts\/9693\/revisions\/111113"}],"wp:attachment":[{"href":"https:\/\/df-nyt.dk\/blog\/wp-json\/wp\/v2\/media?parent=9693"}],"wp:term":[{"taxonomy":"category","embeddable":true,"href":"https:\/\/df-nyt.dk\/blog\/wp-json\/wp\/v2\/categories?post=9693"},{"taxonomy":"post_tag","embeddable":true,"href":"https:\/\/df-nyt.dk\/blog\/wp-json\/wp\/v2\/tags?post=9693"}],"curies":[{"name":"wp","href":"https:\/\/api.w.org\/{rel}","templated":true}]}}