{"id":9717,"date":"2010-09-22T13:47:00","date_gmt":"2010-09-22T12:47:00","guid":{"rendered":"http:\/\/df-nyt.dk\/?p=9717"},"modified":"2026-01-23T23:17:48","modified_gmt":"2026-01-23T22:17:48","slug":"en-soldat-dr%c3%a6bt-og-en-hardt-saret-afghanistan","status":"publish","type":"post","link":"https:\/\/df-nyt.dk\/blog\/en-soldat-dr%c3%a6bt-og-en-hardt-saret-afghanistan\/","title":{"rendered":"En soldat dr\u00e6bt og en h\u00e5rdt s\u00e5ret i Afghanistan"},"content":{"rendered":"<p>22-09-2010. Onsdag morgen klokken ca. 7.40 lokal tid blev en dansk soldat dr\u00e6bt og en h\u00e5rdt s\u00e5ret,<\/p>\n<p>H\u00e6ndelsen skete syd for patruljebase Bridzar ca. seks kilometer nord\u00f8st for Gereshk.<\/p>\n<p>Den ene var d\u00f8d ved ankomsten til Camp Bastion og den anden soldat er fortsat under behandling, de p\u00e5r\u00f8rende er underrettet. Kilde: HOK.<\/p>\n<p>Den 21-\u00e5rige konstabel Simon Mundt J\u00f8rgensen\u00a0som blev\u00a0dr\u00e6bt i Afghanistan er\u00a0den 37. soldat.<br \/>\n18. juli 2010.<br \/>\n\u201cDanske styrker skal hverken tr\u00e6kkes hjem fra Helmand-provinsen eller Afghanistan i 2011, \u2013 siger Dansk Folkepartis udenrigsordf\u00f8rer S\u00f8ren Espersen. if\u00f8lge<br \/>\n\/\/www.fyens.dk\/article\/1645536:Indland-Fyn&#8211;DF-afviser-hurtig-afsked-med-Afghanistan&#8221;<br \/>\nfyns.dk<\/p>\n<p>L\u00e6s ogs\u00e5, Danske soldater har det af helvede til <a href=\"http:\/\/df-nyt.dk\/?p=9680\"> L\u00e6s det HER <\/a><\/p>\n<p>L\u00e6s, Hjem fra krigen i Afghanistan og i F\u00e6ngsel &gt;&gt;&gt; <a href=\"http:\/\/df-nyt.dk\/?p=8382\">L\u00e6s det HER <\/a>&lt;&lt;&lt;<\/p>\n<p>L\u00e6s, 2.002 d\u00f8de NATO-soldater &gt;&gt;&gt; L\u00e6s det HER &lt;&lt;&lt;<\/p>\n<p>L\u00e6s, Nej tak til mindegudstjeneste,\u00a0<br \/>\n\/\/politiken.dk\/debat\/article1035913.ece&#8221;<br \/>\nK\u00e6re Gitte Lillelund Bech og formand for Folketinget Thor Pedersen.<br \/>\nTak for indbydelsen til mindegudstjenesten i Holmens Kirke, den 5. september kl. 12, men nej tak.<\/p>\n","protected":false},"excerpt":{"rendered":"<p>22-09-2010. Onsdag morgen klokken ca. 7.40 lokal tid blev en dansk soldat dr\u00e6bt og en h\u00e5rdt s\u00e5ret, H\u00e6ndelsen skete syd for patruljebase Bridzar ca. seks kilometer nord\u00f8st for Gereshk. Den ene var d\u00f8d ved ankomsten til Camp Bastion og den anden soldat er fortsat under behandling, de p\u00e5r\u00f8rende er underrettet. Kilde: HOK. Den 21-\u00e5rige konstabel [&hellip;]<\/p>\n","protected":false},"author":10,"featured_media":0,"comment_status":"open","ping_status":"closed","sticky":false,"template":"","format":"standard","meta":{"footnotes":""},"categories":[1],"tags":[],"class_list":["post-9717","post","type-post","status-publish","format-standard","hentry","category-df-nyt-dk"],"_links":{"self":[{"href":"https:\/\/df-nyt.dk\/blog\/wp-json\/wp\/v2\/posts\/9717","targetHints":{"allow":["GET"]}}],"collection":[{"href":"https:\/\/df-nyt.dk\/blog\/wp-json\/wp\/v2\/posts"}],"about":[{"href":"https:\/\/df-nyt.dk\/blog\/wp-json\/wp\/v2\/types\/post"}],"author":[{"embeddable":true,"href":"https:\/\/df-nyt.dk\/blog\/wp-json\/wp\/v2\/users\/10"}],"replies":[{"embeddable":true,"href":"https:\/\/df-nyt.dk\/blog\/wp-json\/wp\/v2\/comments?post=9717"}],"version-history":[{"count":2,"href":"https:\/\/df-nyt.dk\/blog\/wp-json\/wp\/v2\/posts\/9717\/revisions"}],"predecessor-version":[{"id":111736,"href":"https:\/\/df-nyt.dk\/blog\/wp-json\/wp\/v2\/posts\/9717\/revisions\/111736"}],"wp:attachment":[{"href":"https:\/\/df-nyt.dk\/blog\/wp-json\/wp\/v2\/media?parent=9717"}],"wp:term":[{"taxonomy":"category","embeddable":true,"href":"https:\/\/df-nyt.dk\/blog\/wp-json\/wp\/v2\/categories?post=9717"},{"taxonomy":"post_tag","embeddable":true,"href":"https:\/\/df-nyt.dk\/blog\/wp-json\/wp\/v2\/tags?post=9717"}],"curies":[{"name":"wp","href":"https:\/\/api.w.org\/{rel}","templated":true}]}}