{"id":9762,"date":"2010-09-23T14:13:04","date_gmt":"2010-09-23T13:13:04","guid":{"rendered":"http:\/\/df-nyt.dk\/?p=9762"},"modified":"2024-09-21T06:53:54","modified_gmt":"2024-09-21T04:53:54","slug":"afviste-kurdiske-flygtninge-sulter-asyl","status":"publish","type":"post","link":"https:\/\/df-nyt.dk\/blog\/afviste-kurdiske-flygtninge-sulter-asyl\/","title":{"rendered":"Afviste Kurdiske flygtninge sulter for asyl"},"content":{"rendered":"<p><img loading=\"lazy\" decoding=\"async\" src=\"https:\/\/df-nyt.dk\/wp-content\/uploads\/230920101510.png\" alt=\"\" width=\"314\" height=\"321\" class=\"alignleft size-full \" \/><br \/>\nSyrisk-kurdiske afviste asylans\u00f8gere sultestrejker p\u00e5 Christianborg Slotsplads. <\/p>\n<p>De er parate til at d\u00f8, fordi de frygter mere at blive tvangsudvist til Gr\u00e6kerland og derefter tilbage til Syrien.<\/p>\n<p>Christianborg Slotsplads den 21 september 2010<br \/>\nDet er m\u00f8rkt og koldt klokken er omkring midnat, jeg er p\u00e5 vej <a href=\"http:\/\/p77.dk\/demokrati\/74-menneskerettigheder\/320-afviste-kurdiske-flygtninge-sulter-for-asyl\/\" target=\"_blank\" rel=\"noopener noreferrer\"><span style=\"text-decoration: underline\">Netavisen, P77.dk \/\/p77.dk\/demokrati\/menneskerettigheder<\/span><\/a><\/p>\n<p>For yderlig l\u00e6sning<\/p>\n<p><a href=\"https:\/\/df-nyt.dk\/?p=9693\/\" target=\"_blank\" rel=\"noopener noreferrer\"><span style=\"text-decoration: underline\">P\u00e5 flugt i Europa<\/span><\/a><br \/>\n&nbsp;<\/p>\n","protected":false},"excerpt":{"rendered":"<p>Syrisk-kurdiske afviste asylans\u00f8gere sultestrejker p\u00e5 Christianborg Slotsplads. De er parate til at d\u00f8, fordi de frygter mere at blive tvangsudvist til Gr\u00e6kerland og derefter tilbage til Syrien. Christianborg Slotsplads den 21 september 2010 Det er m\u00f8rkt og koldt klokken er omkring midnat, jeg er p\u00e5 vej Netavisen, P77.dk \/\/p77.dk\/demokrati\/menneskerettigheder For yderlig l\u00e6sning P\u00e5 flugt i [&hellip;]<\/p>\n","protected":false},"author":10,"featured_media":0,"comment_status":"open","ping_status":"closed","sticky":false,"template":"","format":"standard","meta":{"footnotes":""},"categories":[1],"tags":[],"class_list":["post-9762","post","type-post","status-publish","format-standard","hentry","category-df-nyt-dk"],"_links":{"self":[{"href":"https:\/\/df-nyt.dk\/blog\/wp-json\/wp\/v2\/posts\/9762","targetHints":{"allow":["GET"]}}],"collection":[{"href":"https:\/\/df-nyt.dk\/blog\/wp-json\/wp\/v2\/posts"}],"about":[{"href":"https:\/\/df-nyt.dk\/blog\/wp-json\/wp\/v2\/types\/post"}],"author":[{"embeddable":true,"href":"https:\/\/df-nyt.dk\/blog\/wp-json\/wp\/v2\/users\/10"}],"replies":[{"embeddable":true,"href":"https:\/\/df-nyt.dk\/blog\/wp-json\/wp\/v2\/comments?post=9762"}],"version-history":[{"count":1,"href":"https:\/\/df-nyt.dk\/blog\/wp-json\/wp\/v2\/posts\/9762\/revisions"}],"predecessor-version":[{"id":104683,"href":"https:\/\/df-nyt.dk\/blog\/wp-json\/wp\/v2\/posts\/9762\/revisions\/104683"}],"wp:attachment":[{"href":"https:\/\/df-nyt.dk\/blog\/wp-json\/wp\/v2\/media?parent=9762"}],"wp:term":[{"taxonomy":"category","embeddable":true,"href":"https:\/\/df-nyt.dk\/blog\/wp-json\/wp\/v2\/categories?post=9762"},{"taxonomy":"post_tag","embeddable":true,"href":"https:\/\/df-nyt.dk\/blog\/wp-json\/wp\/v2\/tags?post=9762"}],"curies":[{"name":"wp","href":"https:\/\/api.w.org\/{rel}","templated":true}]}}