{"id":9830,"date":"2010-09-24T12:28:30","date_gmt":"2010-09-24T11:28:30","guid":{"rendered":"http:\/\/df-nyt.dk\/?p=9830"},"modified":"2024-01-16T21:50:29","modified_gmt":"2024-01-16T20:50:29","slug":"sf-sundhedsministeren-skal-sikre-sp%c3%a6db%c3%b8rns-trivsel","status":"publish","type":"post","link":"https:\/\/df-nyt.dk\/blog\/sf-sundhedsministeren-skal-sikre-sp%c3%a6db%c3%b8rns-trivsel\/","title":{"rendered":"SF: Sundhedsministeren skal sikre sp\u00e6db\u00f8rns trivsel"},"content":{"rendered":"<p>Det er uhyggeligt, at besparelser, p\u00e5 landets f\u00f8desteder og i sundhedsplejen,<br \/>\nnu medf\u00f8rer mindre hj\u00e6lp til amning, og at flere nyf\u00f8dte mistrives.<\/p>\n<p>Det mener SF, som kr\u00e6ver, at Sundhedsministeren griber ind. Skriver SF i sin pressemeddelelse <\/p>\n<p>-Og forts\u00e6tter<br \/>\n-Det er uhyggeligt, at vi nu er n\u00e5et dertil,\u00a0at nybagte\u00a0m\u00f8dre nu heller ikke kan f\u00e5 ordentlig hj\u00e6lp til amning, der har fundamental betydning for barnets sundhed.<\/p>\n<p>Det er\u00a0helt uforsvarligt, at der kan g\u00e5 op til en uge, f\u00f8r der dukker en sundhedsplejerske op i hjemmet,\u00a0siger SF&#8217;s sundhedsordf\u00f8rer for forebyggelse og sundhedsfremme Karl H. Bornh\u00f8ft og forts\u00e6tter,<\/p>\n<p>Nu afsl\u00f8res nogle af konsekvenserne af de store besparelser, som regeringen har tvunget kommuner og regioner\u00a0til at gennemf\u00f8re.<\/p>\n<p>Jordem\u00f8dre f\u00f8ler ikke, de kan leve op til de forventede standarder for patientsikkerheden pga. uhyre stor travlhed p\u00e5 f\u00f8degangen, og nu oplever sygeplejersker ogs\u00e5\u00a0en stigning af underern\u00e6rede sp\u00e6db\u00f8rn, der mistrives.<\/p>\n<p>Udviklingen er skr\u00e6mmende<br \/>\nSF\u00a0kr\u00e6ver derfor et svar fra Sundhedsministeren om, hvad han vil g\u00f8re for at sikre,<br \/>\nat nyf\u00f8dtes helbred ikke s\u00e6ttes p\u00e5 spil.<\/p>\n<p>Samtidig \u00f8nsker vi en unders\u00f8gelse af, hvor udbredt problemet er p\u00e5 landets f\u00f8desteder,<br \/>\nslutter\u00a0Karl H. Bornh\u00f8ft, if\u00f8lge pressemeddelelsen fra SF. <\/p>\n<p>For yderlig l\u00e6sning<\/p>\n<p><a href=\"http:\/\/sf.dk\/\" target=\"_blank\" rel=\"noopener noreferrer\"><u>Seneste nyt fra SF her<\/u><\/a><br \/>\n&nbsp;<br \/>\n<a href=\"http:\/\/greens-efa.eu\/\" target=\"_blank\" rel=\"noopener noreferrer\"><u>Se den Gr\u00f8nne gruppe i parlamentet her<\/u><\/a><\/p>\n","protected":false},"excerpt":{"rendered":"<p>Det er uhyggeligt, at besparelser, p\u00e5 landets f\u00f8desteder og i sundhedsplejen, nu medf\u00f8rer mindre hj\u00e6lp til amning, og at flere nyf\u00f8dte mistrives. Det mener SF, som kr\u00e6ver, at Sundhedsministeren griber ind. Skriver SF i sin pressemeddelelse -Og forts\u00e6tter -Det er uhyggeligt, at vi nu er n\u00e5et dertil,\u00a0at nybagte\u00a0m\u00f8dre nu heller ikke kan f\u00e5 ordentlig hj\u00e6lp [&hellip;]<\/p>\n","protected":false},"author":10,"featured_media":0,"comment_status":"open","ping_status":"closed","sticky":false,"template":"","format":"standard","meta":{"footnotes":""},"categories":[1],"tags":[],"class_list":["post-9830","post","type-post","status-publish","format-standard","hentry","category-df-nyt-dk"],"_links":{"self":[{"href":"https:\/\/df-nyt.dk\/blog\/wp-json\/wp\/v2\/posts\/9830","targetHints":{"allow":["GET"]}}],"collection":[{"href":"https:\/\/df-nyt.dk\/blog\/wp-json\/wp\/v2\/posts"}],"about":[{"href":"https:\/\/df-nyt.dk\/blog\/wp-json\/wp\/v2\/types\/post"}],"author":[{"embeddable":true,"href":"https:\/\/df-nyt.dk\/blog\/wp-json\/wp\/v2\/users\/10"}],"replies":[{"embeddable":true,"href":"https:\/\/df-nyt.dk\/blog\/wp-json\/wp\/v2\/comments?post=9830"}],"version-history":[{"count":1,"href":"https:\/\/df-nyt.dk\/blog\/wp-json\/wp\/v2\/posts\/9830\/revisions"}],"predecessor-version":[{"id":101507,"href":"https:\/\/df-nyt.dk\/blog\/wp-json\/wp\/v2\/posts\/9830\/revisions\/101507"}],"wp:attachment":[{"href":"https:\/\/df-nyt.dk\/blog\/wp-json\/wp\/v2\/media?parent=9830"}],"wp:term":[{"taxonomy":"category","embeddable":true,"href":"https:\/\/df-nyt.dk\/blog\/wp-json\/wp\/v2\/categories?post=9830"},{"taxonomy":"post_tag","embeddable":true,"href":"https:\/\/df-nyt.dk\/blog\/wp-json\/wp\/v2\/tags?post=9830"}],"curies":[{"name":"wp","href":"https:\/\/api.w.org\/{rel}","templated":true}]}}