{"id":9839,"date":"2010-09-25T01:42:46","date_gmt":"2010-09-25T00:42:46","guid":{"rendered":"http:\/\/df-nyt.dk\/?p=9839"},"modified":"2024-10-16T10:43:56","modified_gmt":"2024-10-16T08:43:56","slug":"sf-handicappede-skal-ikke-g%c3%b8res-til-syndebukke-regeringens-spareplaner","status":"publish","type":"post","link":"https:\/\/df-nyt.dk\/blog\/sf-handicappede-skal-ikke-g%c3%b8res-til-syndebukke-regeringens-spareplaner\/","title":{"rendered":"SF: Handicappede skal ikke g\u00f8res til syndebukke for regeringens spareplaner"},"content":{"rendered":"<p>Anne Baastrup, SFs handicapordf\u00f8rer er m\u00e5ll\u00f8s over den m\u00e5de,<br \/>\nmennesker med handicap bliver omtalt p\u00e5 i disse dage. <\/p>\n<p>Skriver SF i en perssemeddelse \u2013 og forts\u00e6tter<br \/>\n<img loading=\"lazy\" decoding=\"async\" class=\"size-full alignleft\" title=\"130820101857\" src=\"https:\/\/df-nyt.dk\/\/wp-content\/uploads\/130820101857.png\" width=\"90\" height=\"135\" \/><\/p>\n<p>Det er en konsekvens af regeringens urealistiske nulv\u00e6kst-politik i kommunerne, mener hun.<\/p>\n<p>-Det er trist l\u00e6sning, n\u00e5r man sl\u00e5r op i aviserne og ser mennesker med handicap omtalt som g\u00f8geunger og udstillet som problemer for kommunerne, udtaler Anne Baastrup.<\/p>\n<p>-Vi skal passe meget p\u00e5, at vi ikke kommer til at lange ud efter dem, der har sv\u00e6rest ved at r\u00e5be op og forsvare sig.<\/p>\n<p>Hvis vi fortsat skal have et samfund, hvor der er plads til forskellighed, er vi n\u00f8dt til at t\u00e6nke os om, inden vi omtaler disse borgere som, udgiftstunge og belastende for \u00f8konomien, udtaler handicapordf\u00f8reren og forts\u00e6tter<\/p>\n<p>-Debatten har k\u00f8rt siden regeringen annoncerede sin nulv\u00e6kststrategi, og jeg synes, det er st\u00e6rkt problematisk, at regeringen har strammet skruen s\u00e5 meget, at nu ogs\u00e5 tonen er \u00e6ndret.<\/p>\n<p>I SF anerkender vi, at Danmark er i en \u00f8konomisk krise, men det er ikke rimeligt at lade de svageste grupper betale regningen, s\u00e5dan som regeringen l\u00e6gger op til.<\/p>\n<p>Derfor vil vi sammen med Socialdemokraterne tilf\u00f8re socialomr\u00e5det i kommunerne 1, 25 mia. kr. s\u00e5 de kan bevare det nuv\u00e6rende serviceniveau, slutter Anne Baastrup.  <\/p>\n<p>For yderlig l\u00e6sning<\/p>\n<p><a href=\"https:\/\/sf.dk\/nyheder\/\" rel=\"noopener noreferrer\" target=\"_blank\"><span style=\"text-decoration: underline\"> Seneste nyt fra SF<\/span><\/a><br \/>\n&nbsp;<\/p>\n","protected":false},"excerpt":{"rendered":"<p>Anne Baastrup, SFs handicapordf\u00f8rer er m\u00e5ll\u00f8s over den m\u00e5de, mennesker med handicap bliver omtalt p\u00e5 i disse dage. Skriver SF i en perssemeddelse \u2013 og forts\u00e6tter Det er en konsekvens af regeringens urealistiske nulv\u00e6kst-politik i kommunerne, mener hun. -Det er trist l\u00e6sning, n\u00e5r man sl\u00e5r op i aviserne og ser mennesker med handicap omtalt som [&hellip;]<\/p>\n","protected":false},"author":10,"featured_media":0,"comment_status":"open","ping_status":"closed","sticky":false,"template":"","format":"standard","meta":{"footnotes":""},"categories":[1],"tags":[],"class_list":["post-9839","post","type-post","status-publish","format-standard","hentry","category-df-nyt-dk"],"_links":{"self":[{"href":"https:\/\/df-nyt.dk\/blog\/wp-json\/wp\/v2\/posts\/9839","targetHints":{"allow":["GET"]}}],"collection":[{"href":"https:\/\/df-nyt.dk\/blog\/wp-json\/wp\/v2\/posts"}],"about":[{"href":"https:\/\/df-nyt.dk\/blog\/wp-json\/wp\/v2\/types\/post"}],"author":[{"embeddable":true,"href":"https:\/\/df-nyt.dk\/blog\/wp-json\/wp\/v2\/users\/10"}],"replies":[{"embeddable":true,"href":"https:\/\/df-nyt.dk\/blog\/wp-json\/wp\/v2\/comments?post=9839"}],"version-history":[{"count":2,"href":"https:\/\/df-nyt.dk\/blog\/wp-json\/wp\/v2\/posts\/9839\/revisions"}],"predecessor-version":[{"id":105657,"href":"https:\/\/df-nyt.dk\/blog\/wp-json\/wp\/v2\/posts\/9839\/revisions\/105657"}],"wp:attachment":[{"href":"https:\/\/df-nyt.dk\/blog\/wp-json\/wp\/v2\/media?parent=9839"}],"wp:term":[{"taxonomy":"category","embeddable":true,"href":"https:\/\/df-nyt.dk\/blog\/wp-json\/wp\/v2\/categories?post=9839"},{"taxonomy":"post_tag","embeddable":true,"href":"https:\/\/df-nyt.dk\/blog\/wp-json\/wp\/v2\/tags?post=9839"}],"curies":[{"name":"wp","href":"https:\/\/api.w.org\/{rel}","templated":true}]}}