{"id":9916,"date":"2010-09-26T13:31:38","date_gmt":"2010-09-26T12:31:38","guid":{"rendered":"http:\/\/df-nyt.dk\/?p=9916"},"modified":"2024-11-15T23:37:31","modified_gmt":"2024-11-15T22:37:31","slug":"reportage-unikt-besog-pa-christiania","status":"publish","type":"post","link":"https:\/\/df-nyt.dk\/blog\/reportage-unikt-besog-pa-christiania\/","title":{"rendered":"Reportage: Unikt bes\u00f8g p\u00e5 Christiania"},"content":{"rendered":"<p><img loading=\"lazy\" decoding=\"async\" class=\"size-full  alignnone\" src=\"https:\/\/df-nyt.dk\/\/wp-content\/uploads\/300120131050.png\" alt=\"300120131050\" width=\"336\" height=\"148\" \/><\/p>\n<p>Skrevet af Sanne Wass p\u00e5 VU K\u00f8benhavns hjemmeside.\u00a023 september, 2010<\/p>\n<p>Christiania omtales meget forskelligt alt efter, hvem man snakker med.<\/p>\n<p>Holdningerne, og ikke mindst fordommene, er mange, og ogs\u00e5 i Venstres Ungdom er vi meget forskellige, n\u00e5r debatten drejer sig om K\u00f8benhavns oase Christiania.<\/p>\n<p>Internationalt Udvalg besluttede derfor at afholde et kulturm\u00f8de med fristaden, og i samarbejde med VU K\u00f8benhavn gik turen derfor til Christiania tirsdag d. 14. september 2010.<\/p>\n<p>Hvis du var med \u2013 godt for dig, og hvis du ikke var med, er det min opfattelse,<br \/>\nat du har en fed oplevelse til gode. &#8211;<br \/>\nL\u00e6s mere p\u00e5 deres netmedie VU-K\u00f8benhavn.dk<\/p>\n","protected":false},"excerpt":{"rendered":"<p>Skrevet af Sanne Wass p\u00e5 VU K\u00f8benhavns hjemmeside.\u00a023 september, 2010 Christiania omtales meget forskelligt alt efter, hvem man snakker med. Holdningerne, og ikke mindst fordommene, er mange, og ogs\u00e5 i Venstres Ungdom er vi meget forskellige, n\u00e5r debatten drejer sig om K\u00f8benhavns oase Christiania. Internationalt Udvalg besluttede derfor at afholde et kulturm\u00f8de med fristaden, og [&hellip;]<\/p>\n","protected":false},"author":10,"featured_media":0,"comment_status":"open","ping_status":"closed","sticky":false,"template":"","format":"standard","meta":{"footnotes":""},"categories":[1],"tags":[],"class_list":["post-9916","post","type-post","status-publish","format-standard","hentry","category-df-nyt-dk"],"_links":{"self":[{"href":"https:\/\/df-nyt.dk\/blog\/wp-json\/wp\/v2\/posts\/9916","targetHints":{"allow":["GET"]}}],"collection":[{"href":"https:\/\/df-nyt.dk\/blog\/wp-json\/wp\/v2\/posts"}],"about":[{"href":"https:\/\/df-nyt.dk\/blog\/wp-json\/wp\/v2\/types\/post"}],"author":[{"embeddable":true,"href":"https:\/\/df-nyt.dk\/blog\/wp-json\/wp\/v2\/users\/10"}],"replies":[{"embeddable":true,"href":"https:\/\/df-nyt.dk\/blog\/wp-json\/wp\/v2\/comments?post=9916"}],"version-history":[{"count":2,"href":"https:\/\/df-nyt.dk\/blog\/wp-json\/wp\/v2\/posts\/9916\/revisions"}],"predecessor-version":[{"id":106750,"href":"https:\/\/df-nyt.dk\/blog\/wp-json\/wp\/v2\/posts\/9916\/revisions\/106750"}],"wp:attachment":[{"href":"https:\/\/df-nyt.dk\/blog\/wp-json\/wp\/v2\/media?parent=9916"}],"wp:term":[{"taxonomy":"category","embeddable":true,"href":"https:\/\/df-nyt.dk\/blog\/wp-json\/wp\/v2\/categories?post=9916"},{"taxonomy":"post_tag","embeddable":true,"href":"https:\/\/df-nyt.dk\/blog\/wp-json\/wp\/v2\/tags?post=9916"}],"curies":[{"name":"wp","href":"https:\/\/api.w.org\/{rel}","templated":true}]}}