{"id":9950,"date":"2010-09-27T17:10:49","date_gmt":"2010-09-27T16:10:49","guid":{"rendered":"http:\/\/df-nyt.dk\/?p=9950"},"modified":"2024-11-24T23:00:13","modified_gmt":"2024-11-24T22:00:13","slug":"studerende-hj%c3%a6lper-sultestrejkende-kurdere","status":"publish","type":"post","link":"https:\/\/df-nyt.dk\/blog\/studerende-hj%c3%a6lper-sultestrejkende-kurdere\/","title":{"rendered":"Studerende hj\u00e6lper sultestrejkende kurdere"},"content":{"rendered":"<p><img loading=\"lazy\" decoding=\"async\" class=\"alignleft size-full \" src=\"https:\/\/df-nyt.dk\/\/wp-content\/uploads\/2709201018001.png\" alt=\"270920101800\" width=\"250\" height=\"268\" \/><\/p>\n<p>AFVIST &#8211; If\u00f8lge de sultestrejkende kurdere st\u00e5r mange af dem til f\u00e6ngsling i Syrien, hvis de bliver sendt hjem.<br \/>\n\u00bbOg i f\u00e6ngslerne forsvinder man,\u00ab siger 26-\u00e5rige Rudi.<br \/>\n\u00bbSyrien er en diktaturstat p\u00e5 linje med Saddams Irak.\u00ab<\/p>\n<p>SULT &#8211; 28 kurdere sultestrejker p\u00e5 Christiansborg Slotsplads i en appel til de danske myndigheder om give dem asyl.<\/p>\n<p>De f\u00e5r hj\u00e6lp af studerende fra K\u00f8benhavns Universitet.<br \/>\nDet lille elektriske varmeapparat gl\u00f8der og tiltr\u00e6kker m\u00e6ndene i teltet, der samler sig i en t\u00e6t cirkel for at varme fingrene.<br \/>\nUdenfor skinner solen, og under teltdugen er her efterh\u00e5nden s\u00e5 varmt som i en lun stue foran br\u00e6ndeovnen, men m\u00e6ndene fryser alligevel.<\/p>\n<p>Skriver af Sune Engel Rasmussen, i en yderst velskrevet artiken\u00a0p\u00e5 \/\/uniavisen.dk<\/p>\n<p>Reference<br \/>\n\/\/uniavisen.dk \/politik\/studerende-hjaelper-sultestrejkende-kurdere<\/p>\n<p>For yderlig l\u00e6sning<\/p>\n<p><a href=\"https:\/\/df-nyt.dk\/?p=9762\" target=\"_blank\" rel=\"noopener noreferrer\"><span style=\"text-decoration: underline;\">Afviste Kurdiske flygtninge sulter for asyl <\/span><\/a>&lt;<br \/>\n&nbsp;<br \/>\n<a href=\"https:\/\/df-nyt.dk\/?p=9693\" target=\"_blank\" rel=\"noopener noreferrer\"><span style=\"text-decoration: underline;\">P\u00e5 flugt i Europa, strandet p\u00e5 Christiansborgs slotsplads <\/span><\/a>)<br \/>\n&nbsp;<\/p>\n","protected":false},"excerpt":{"rendered":"<p>AFVIST &#8211; If\u00f8lge de sultestrejkende kurdere st\u00e5r mange af dem til f\u00e6ngsling i Syrien, hvis de bliver sendt hjem. \u00bbOg i f\u00e6ngslerne forsvinder man,\u00ab siger 26-\u00e5rige Rudi. \u00bbSyrien er en diktaturstat p\u00e5 linje med Saddams Irak.\u00ab SULT &#8211; 28 kurdere sultestrejker p\u00e5 Christiansborg Slotsplads i en appel til de danske myndigheder om give dem asyl. [&hellip;]<\/p>\n","protected":false},"author":10,"featured_media":0,"comment_status":"open","ping_status":"closed","sticky":false,"template":"","format":"standard","meta":{"footnotes":""},"categories":[1],"tags":[],"class_list":["post-9950","post","type-post","status-publish","format-standard","hentry","category-df-nyt-dk"],"_links":{"self":[{"href":"https:\/\/df-nyt.dk\/blog\/wp-json\/wp\/v2\/posts\/9950","targetHints":{"allow":["GET"]}}],"collection":[{"href":"https:\/\/df-nyt.dk\/blog\/wp-json\/wp\/v2\/posts"}],"about":[{"href":"https:\/\/df-nyt.dk\/blog\/wp-json\/wp\/v2\/types\/post"}],"author":[{"embeddable":true,"href":"https:\/\/df-nyt.dk\/blog\/wp-json\/wp\/v2\/users\/10"}],"replies":[{"embeddable":true,"href":"https:\/\/df-nyt.dk\/blog\/wp-json\/wp\/v2\/comments?post=9950"}],"version-history":[{"count":1,"href":"https:\/\/df-nyt.dk\/blog\/wp-json\/wp\/v2\/posts\/9950\/revisions"}],"predecessor-version":[{"id":107058,"href":"https:\/\/df-nyt.dk\/blog\/wp-json\/wp\/v2\/posts\/9950\/revisions\/107058"}],"wp:attachment":[{"href":"https:\/\/df-nyt.dk\/blog\/wp-json\/wp\/v2\/media?parent=9950"}],"wp:term":[{"taxonomy":"category","embeddable":true,"href":"https:\/\/df-nyt.dk\/blog\/wp-json\/wp\/v2\/categories?post=9950"},{"taxonomy":"post_tag","embeddable":true,"href":"https:\/\/df-nyt.dk\/blog\/wp-json\/wp\/v2\/tags?post=9950"}],"curies":[{"name":"wp","href":"https:\/\/api.w.org\/{rel}","templated":true}]}}