{"id":9958,"date":"2010-09-27T18:53:01","date_gmt":"2010-09-27T17:53:01","guid":{"rendered":"http:\/\/df-nyt.dk\/?p=9958"},"modified":"2024-11-22T03:55:35","modified_gmt":"2024-11-22T02:55:35","slug":"er-der-nogen-der-har-set-beskaeftigelsesminister-inger-stoejberg","status":"publish","type":"post","link":"https:\/\/df-nyt.dk\/blog\/er-der-nogen-der-har-set-beskaeftigelsesminister-inger-stoejberg\/","title":{"rendered":"Er der nogen der har set Besk\u00e6ftigelsesminister Inger St\u00f8jberg?"},"content":{"rendered":"<p><img loading=\"lazy\" decoding=\"async\" class=\"alignleft \" src=\"https:\/\/df-nyt.dk\/wp-content\/uploads\/270920102004.png\" alt=\"\" width=\"170\" height=\"160\" \/>Er der nogen der har set Besk\u00e6ftigelsesminister Inger St\u00f8jberg?<\/p>\n<p>P\u00e5 fredag 1. oktober 2010. tr\u00e6der nye regler i kraft p\u00e5 arbejdsmilj\u00f8omr\u00e5det.<\/p>\n<p>Besk\u00e6ftigelsesminister Inger St\u00f8jberg (V) har dog end ikke underskrevet bekendtg\u00f8relsen endnu, og virksomhederne er chancel\u00f8se.<\/p>\n<p>P\u00e5 fredag bliver det blandt andet lovpligtigt at dr\u00f8fte arbejdsmilj\u00f8 i virksomhederne en gang om \u00e5ret.<\/p>\n<p>Det sker som led i indf\u00f8relsen af en r\u00e6kke nye bestemmelser for arbejdsmilj\u00f8.<\/p>\n<p>Virksomhederne har dog ikke en chance for at forberede sig, fordi besk\u00e6ftigelsesminister Inger St\u00f8jberg (V) endnu ikke har underskrevet bekendtg\u00f8relsen.<\/p>\n<p>Der er nu g\u00e5et flere m\u00e5neder, siden ministeren har modtaget indstillingen fra Arbejdsmilj\u00f8r\u00e5det.\u00a0Skriver man p\u00e5 hjemmesiden, Erhvervsbladet.dk<\/p>\n","protected":false},"excerpt":{"rendered":"<p>Er der nogen der har set Besk\u00e6ftigelsesminister Inger St\u00f8jberg? P\u00e5 fredag 1. oktober 2010. tr\u00e6der nye regler i kraft p\u00e5 arbejdsmilj\u00f8omr\u00e5det. Besk\u00e6ftigelsesminister Inger St\u00f8jberg (V) har dog end ikke underskrevet bekendtg\u00f8relsen endnu, og virksomhederne er chancel\u00f8se. P\u00e5 fredag bliver det blandt andet lovpligtigt at dr\u00f8fte arbejdsmilj\u00f8 i virksomhederne en gang om \u00e5ret. Det sker som [&hellip;]<\/p>\n","protected":false},"author":10,"featured_media":0,"comment_status":"open","ping_status":"closed","sticky":false,"template":"","format":"standard","meta":{"footnotes":""},"categories":[1],"tags":[],"class_list":["post-9958","post","type-post","status-publish","format-standard","hentry","category-df-nyt-dk"],"_links":{"self":[{"href":"https:\/\/df-nyt.dk\/blog\/wp-json\/wp\/v2\/posts\/9958","targetHints":{"allow":["GET"]}}],"collection":[{"href":"https:\/\/df-nyt.dk\/blog\/wp-json\/wp\/v2\/posts"}],"about":[{"href":"https:\/\/df-nyt.dk\/blog\/wp-json\/wp\/v2\/types\/post"}],"author":[{"embeddable":true,"href":"https:\/\/df-nyt.dk\/blog\/wp-json\/wp\/v2\/users\/10"}],"replies":[{"embeddable":true,"href":"https:\/\/df-nyt.dk\/blog\/wp-json\/wp\/v2\/comments?post=9958"}],"version-history":[{"count":1,"href":"https:\/\/df-nyt.dk\/blog\/wp-json\/wp\/v2\/posts\/9958\/revisions"}],"predecessor-version":[{"id":106960,"href":"https:\/\/df-nyt.dk\/blog\/wp-json\/wp\/v2\/posts\/9958\/revisions\/106960"}],"wp:attachment":[{"href":"https:\/\/df-nyt.dk\/blog\/wp-json\/wp\/v2\/media?parent=9958"}],"wp:term":[{"taxonomy":"category","embeddable":true,"href":"https:\/\/df-nyt.dk\/blog\/wp-json\/wp\/v2\/categories?post=9958"},{"taxonomy":"post_tag","embeddable":true,"href":"https:\/\/df-nyt.dk\/blog\/wp-json\/wp\/v2\/tags?post=9958"}],"curies":[{"name":"wp","href":"https:\/\/api.w.org\/{rel}","templated":true}]}}