{"id":9971,"date":"2010-09-27T21:59:59","date_gmt":"2010-09-27T20:59:59","guid":{"rendered":"http:\/\/df-nyt.dk\/?p=9971"},"modified":"2017-12-01T19:17:18","modified_gmt":"2017-12-01T18:17:18","slug":"brev-fra-jakob","status":"publish","type":"post","link":"https:\/\/df-nyt.dk\/blog\/brev-fra-jakob\/","title":{"rendered":"Brev fra Jakob"},"content":{"rendered":"<p><strong><a href=\"https:\/\/df-nyt.dk\/blog\/wp-content\/uploads\/121120131206.png\"><img loading=\"lazy\" decoding=\"async\" class=\"aligncenter size-full wp-image-55241\" src=\"https:\/\/df-nyt.dk\/blog\/wp-content\/uploads\/121120131206.png\" alt=\"121120131206\" width=\"250\" height=\"244\" \/><\/a><\/p>\n<p><\/strong><strong>Jeg er s\u00e5 tr\u00e6t af den s\u00e5kaldt frie presse.\u00a0<\/strong><\/p>\n<p>Den er s\u00e5 styret af vores regering at det er til at blive vanvittig af.<\/p>\n<p>Vi mangler i den grad en fri presse i Danmark. <\/p>\n<p>En presse der t\u00f8r g\u00e5 mod den siddende regering.<\/p>\n<p>Jeg er s\u00e5 gennemgribende tr\u00e6t af det, at jeg slet ikke gider den mere.<\/p>\n<p>H\u00e5n og latterligg\u00f8relse overfor anerledes t\u00e6nkende er efterh\u00e5nden s\u00e5 afg\u00f8rende i vores samfund, at jeg bliver syg ved tanken.<\/p>\n<p>Theodore Roosevelt sagde, at man skulle l\u00e6se i historien for at forst\u00e5 fremtiden.<\/p>\n<p>Jeg har l\u00e6st historien &#8211; i hvert fald en del af den &#8211; og den del af den der handler om Europa 1900-1945 er nok den mest uhyggelige del.<\/p>\n<p>Det var her menigmand fik ret til at tale, blive h\u00f8rt og komme med sine mere eller mindre modbydelige ytringer.<\/p>\n<p>Pia Kj\u00e6rsgaard er et senere produkt af denne udvikling, Hitler er en tidligere udgave, men sammenh\u00e6ngen er den samme.<\/p>\n<p>I dag overv\u00e5ger vi alle gadehj\u00f8rner med en sikker forvisning om det giver tryghed.<\/p>\n<p>Vi overv\u00e5ger vores motorveje og landeveje med kameraer, for hvis nu nogen k\u00f8rer for st\u00e6rkt, s\u00e5 skal de fanges.<\/p>\n<p>Vi har s\u00e6nket den kriminelle lavalder, med henblik p\u00e5 at sende b\u00f8rn i lukkede f\u00e6ngsler, men vi g\u00f8r ikke noget p\u00e5 socialomr\u00e5det.<\/p>\n<p>Vi har f\u00e5et bandelovgivning og forbud mod at b\u00e6re t\u00f8rkl\u00e6der under demonstrationer.<\/p>\n<p>Og alt sammen s\u00e6lges til os under parolen: &#8220;Har du ikke gjort noget galt, har du jo intet at frygte&#8221; &#8230;. Forkert&#8230; Jeg har alt at frygte.<\/p>\n<p>Hitler &#8220;solgte&#8221; j\u00f8destjernen til j\u00f8derne under samme parole.<\/p>\n<p>Faktisk n\u00f8jagtigt de samme ord.<\/p>\n<p>Hitler indf\u00f8rte en offentlig kontrol ud over alle gr\u00e6nser.<\/p>\n<p>Enhver idiot vil i dag p\u00e5st\u00e5 at det var fordi tyskere og j\u00f8der var dumme dengang &#8211; men ikke en eneste af de samme idioter, ser at de selv deltager i det samme game.\u00a0Skriver man p\u00e5 PerJensen.dk<\/p>\n<p>&nbsp;<\/p>\n","protected":false},"excerpt":{"rendered":"<p>Jeg er s\u00e5 tr\u00e6t af den s\u00e5kaldt frie presse.\u00a0 Den er s\u00e5 styret af vores regering at det er til at blive vanvittig af. Vi mangler i den grad en fri presse i Danmark. En presse der t\u00f8r g\u00e5 mod den siddende regering. Jeg er s\u00e5 gennemgribende tr\u00e6t af det, at jeg slet ikke gider [&hellip;]<\/p>\n","protected":false},"author":10,"featured_media":0,"comment_status":"open","ping_status":"closed","sticky":false,"template":"","format":"standard","meta":{"footnotes":""},"categories":[1],"tags":[],"class_list":["post-9971","post","type-post","status-publish","format-standard","hentry","category-df-nyt-dk"],"_links":{"self":[{"href":"https:\/\/df-nyt.dk\/blog\/wp-json\/wp\/v2\/posts\/9971","targetHints":{"allow":["GET"]}}],"collection":[{"href":"https:\/\/df-nyt.dk\/blog\/wp-json\/wp\/v2\/posts"}],"about":[{"href":"https:\/\/df-nyt.dk\/blog\/wp-json\/wp\/v2\/types\/post"}],"author":[{"embeddable":true,"href":"https:\/\/df-nyt.dk\/blog\/wp-json\/wp\/v2\/users\/10"}],"replies":[{"embeddable":true,"href":"https:\/\/df-nyt.dk\/blog\/wp-json\/wp\/v2\/comments?post=9971"}],"version-history":[{"count":0,"href":"https:\/\/df-nyt.dk\/blog\/wp-json\/wp\/v2\/posts\/9971\/revisions"}],"wp:attachment":[{"href":"https:\/\/df-nyt.dk\/blog\/wp-json\/wp\/v2\/media?parent=9971"}],"wp:term":[{"taxonomy":"category","embeddable":true,"href":"https:\/\/df-nyt.dk\/blog\/wp-json\/wp\/v2\/categories?post=9971"},{"taxonomy":"post_tag","embeddable":true,"href":"https:\/\/df-nyt.dk\/blog\/wp-json\/wp\/v2\/tags?post=9971"}],"curies":[{"name":"wp","href":"https:\/\/api.w.org\/{rel}","templated":true}]}}